{"id":16593,"date":"2020-08-21T19:53:00","date_gmt":"2020-08-22T00:53:00","guid":{"rendered":"http:\/\/www.zonaroja.com.mx\/?p=16593"},"modified":"2020-08-21T19:53:03","modified_gmt":"2020-08-22T00:53:03","slug":"monica-otra-adolescente-que-desaparece-en-tuxtepec-desde-hace-un-mes","status":"publish","type":"post","link":"https:\/\/zonaroja.com.mx\/?p=16593","title":{"rendered":"M\u00f3nica, otra adolescente que desaparece en Tuxtepec, desde hace un mes"},"content":{"rendered":"\n<p>Yuridiana Sosa\/Zona Roja.<\/p>\n\n\n\n<p>San Juan Bautista Tuxtepec, Oax., 21 de agosto de 2020.- Una adolescente de 16 a\u00f1os de edad desapareci\u00f3 desde hace m\u00e1s de un mes en San Juan Bautista Tuxtepec, donde en el transcurso de este a\u00f1o al menos otras cuatro j\u00f3venes mujeres permanecen en calidad de no localizadas.<\/p>\n\n\n\n<p>M\u00f3nica Santiago Raymundo fue vista por \u00faltima vez en la comunidad de Agua Fr\u00eda Papaloapan, perteneciente a Tuxtepec, el pasado 15 de julio, pero su ficha de datos y fotograf\u00eda apenas fue publicada este 20 de agosto por la Unidad de B\u00fasqueda de Personas Desaparecidas y No Localizada de la Fiscal\u00eda General de Oaxaca.<\/p>\n\n\n\n<p>El d\u00eda de su desaparici\u00f3n, la joven adolescente vest\u00eda blusa color verde, pantal\u00f3n azul claro y sandalias, indic\u00f3 la familia a las autoridades y quienes a su vez piden ayuda a la poblaci\u00f3n para localizarla de forma inmediata.<\/p>\n\n\n\n<p>M\u00f3nica mide 1.50 metros aproximadamente, es delgada, de tez morena claro; cabello negro, largo y lacio y sus ojos son de color caf\u00e9 claro.<\/p>\n\n\n\n<p>Desde el pasado mes de marzo, en el municipio de San Juan Bautista Tuxtepec se han registrado una serie de desapariciones de mujeres, las cuales siguen sin ser localizadas.<\/p>\n\n\n\n<p>En ese mes, F\u00e1tima Palacios de 18 a\u00f1os de edad, fue vista por \u00faltima vez, en abril fue Itzel Gonz\u00e1lez de 20 a\u00f1os, en mayo Casandra Ram\u00edrez de 23 a\u00f1os de edad, en julio Ofelia Valor de 33 a\u00f1os.<\/p>\n","protected":false},"excerpt":{"rendered":"<p>Yuridiana Sosa\/Zona Roja. San Juan Bautista Tuxtepec, Oax., 21 de agosto de 2020.- Una adolescente&hellip;<\/p>\n","protected":false},"author":2,"featured_media":16594,"comment_status":"closed","ping_status":"open","sticky":false,"template":"","format":"standard","meta":{"_lmt_disableupdate":"","_lmt_disable":"","_jetpack_memberships_contains_paid_content":false,"footnotes":""},"categories":[109,47],"tags":[1940],"class_list":["post-16593","post","type-post","status-publish","format-standard","has-post-thumbnail","hentry","category-minuto-a-minuto","category-zona-gris","tag-monica-santiago-raymundo"],"jetpack_featured_media_url":"https:\/\/zonaroja.com.mx\/wp-content\/uploads\/2020\/08\/Monica-Santiago-Raymundo.jpg","jetpack_sharing_enabled":true,"_links":{"self":[{"href":"https:\/\/zonaroja.com.mx\/index.php?rest_route=\/wp\/v2\/posts\/16593","targetHints":{"allow":["GET"]}}],"collection":[{"href":"https:\/\/zonaroja.com.mx\/index.php?rest_route=\/wp\/v2\/posts"}],"about":[{"href":"https:\/\/zonaroja.com.mx\/index.php?rest_route=\/wp\/v2\/types\/post"}],"author":[{"embeddable":true,"href":"https:\/\/zonaroja.com.mx\/index.php?rest_route=\/wp\/v2\/users\/2"}],"replies":[{"embeddable":true,"href":"https:\/\/zonaroja.com.mx\/index.php?rest_route=%2Fwp%2Fv2%2Fcomments&post=16593"}],"version-history":[{"count":1,"href":"https:\/\/zonaroja.com.mx\/index.php?rest_route=\/wp\/v2\/posts\/16593\/revisions"}],"predecessor-version":[{"id":16595,"href":"https:\/\/zonaroja.com.mx\/index.php?rest_route=\/wp\/v2\/posts\/16593\/revisions\/16595"}],"wp:featuredmedia":[{"embeddable":true,"href":"https:\/\/zonaroja.com.mx\/index.php?rest_route=\/wp\/v2\/media\/16594"}],"wp:attachment":[{"href":"https:\/\/zonaroja.com.mx\/index.php?rest_route=%2Fwp%2Fv2%2Fmedia&parent=16593"}],"wp:term":[{"taxonomy":"category","embeddable":true,"href":"https:\/\/zonaroja.com.mx\/index.php?rest_route=%2Fwp%2Fv2%2Fcategories&post=16593"},{"taxonomy":"post_tag","embeddable":true,"href":"https:\/\/zonaroja.com.mx\/index.php?rest_route=%2Fwp%2Fv2%2Ftags&post=16593"}],"curies":[{"name":"wp","href":"https:\/\/api.w.org\/{rel}","templated":true}]}}