{"id":16599,"date":"2020-08-21T20:42:11","date_gmt":"2020-08-22T01:42:11","guid":{"rendered":"http:\/\/www.zonaroja.com.mx\/?p=16599"},"modified":"2020-08-21T20:42:14","modified_gmt":"2020-08-22T01:42:14","slug":"enero-julio-de-2020-menos-violento-que-mismo-periodo-de-ano-pasado","status":"publish","type":"post","link":"https:\/\/zonaroja.com.mx\/?p=16599","title":{"rendered":"Enero-julio de 2020, menos violento que mismo periodo de a\u00f1o pasado"},"content":{"rendered":"\n<p>Yuridiana Sosa\/Zona Roja.<\/p>\n\n\n\n<p>Oaxaca de Ju\u00e1rez, Oax., 21 de agosto de 2020.- Los hechos violentos en la entidad tomaron impulso en julio en Oaxaca, en comparaci\u00f3n con el mes anterior; sin embargo, las cifras del Sistema Ejecutivo del Secretariado Nacional de Seguridad P\u00fablica muestran que en comparaci\u00f3n con el 2019, los homicidios dolosos se redujeron hasta un 10 por ciento.<\/p>\n\n\n\n<p>El informe mensual sobre la incidencia delictiva en M\u00e9xico, con datos hasta el mes de julio, revelaron que Oaxaca ocupa el lugar 12 por el acumulado de 603 homicidios dolosos en lo que va del 2020.<\/p>\n\n\n\n<p>Por la comisi\u00f3n de ese delito cada 100 mil habitantes, la entidad oaxaque\u00f1a se posicion\u00f3 en el sitio 13 con el 14.6 por ciento, por debajo de la media nacional, que fue de 16.<\/p>\n\n\n\n<p>Pero, en comparaci\u00f3n a los hechos violentos cometidos en el mismo periodo, enero a julio, el Secretariado Ejecutivo indic\u00f3 que Oaxaca registr\u00f3 una disminuci\u00f3n del 10.9 por ciento, ocupando el lugar 12 de las 22 entidades que presentaron una baja en este delito.<\/p>\n\n\n\n<p>En el informe, el gobierno federal destac\u00f3 que por regi\u00f3n, de los homicidios dolosos por cada 100 mil habitantes, entre los meses de diciembre de 2018 a julio de 2020 las zonas de la Cuenca del Papaloapan, el Istmo y la Costa fueron marcadas en nivel \u201calto\u201d de incidencia, el segundo en la escala donde el punto m\u00e1ximo es \u201cextremo\u201d y el m\u00ednimo \u201csin delito\u201d.<\/p>\n\n\n\n<p>Las regiones de Valles Centrales y parte de la Mixteca como bajo; la Sierra Sur, parte de la Mixteca como medio y una parte de la sierra Norte como escaso.<\/p>\n\n\n\n<p>M\u00c1S HOMICIDIOS EN JULIO<\/p>\n\n\n\n<p>En el informe mensual del Centro Nacional de Informaci\u00f3n, con datos proporcionados por las entidades, muestran que Oaxaca presenta un acumulado de 498 homicidios dolosos acumulados en el 2020.<\/p>\n\n\n\n<p>En julio, la cantidad de delitos increment\u00f3 en comparaci\u00f3n a junio. En lo general pas\u00f3 de dos mil 724 a tres mil 88; los delitos contra la vida y la integridad corporal pas\u00f3 de 473 a 494.<\/p>\n\n\n\n<p>Los homicidios presentaron un aumento de 105 a 107, pero fue el de la categor\u00eda de dolosos donde la cifra tuvo una mayor diferencia, al pasar de 57 en junio a 62 en el mes de julio, es decir, un aumento del nueve por ciento, aproximadamente, de los cuales, 50 se cometieron con el uso de arma de fuego durante el \u00faltimo mes.<\/p>\n\n\n\n<p>Hasta el momento, los meses de enero y marzo han sido los m\u00e1s violentos con la comisi\u00f3n de 91 y 83 homicidios dolosos, mientras que en los meses donde la pandemia por Covid-19, la cifra fue a la baja, con el registro m\u00e1s bajo en junio.<\/p>\n","protected":false},"excerpt":{"rendered":"<p>Yuridiana Sosa\/Zona Roja. Oaxaca de Ju\u00e1rez, Oax., 21 de agosto de 2020.- Los hechos violentos&hellip;<\/p>\n","protected":false},"author":2,"featured_media":16600,"comment_status":"closed","ping_status":"open","sticky":false,"template":"","format":"standard","meta":{"_lmt_disableupdate":"","_lmt_disable":"","_jetpack_memberships_contains_paid_content":false,"footnotes":""},"categories":[109,47],"tags":[174],"class_list":["post-16599","post","type-post","status-publish","format-standard","has-post-thumbnail","hentry","category-minuto-a-minuto","category-zona-gris","tag-secretariado-ejecutivo-del-sistema-nacional-de-seguridad-publica"],"jetpack_featured_media_url":"https:\/\/zonaroja.com.mx\/wp-content\/uploads\/2020\/08\/Policia-Estatal-SSPO.jpg","jetpack_sharing_enabled":true,"_links":{"self":[{"href":"https:\/\/zonaroja.com.mx\/index.php?rest_route=\/wp\/v2\/posts\/16599","targetHints":{"allow":["GET"]}}],"collection":[{"href":"https:\/\/zonaroja.com.mx\/index.php?rest_route=\/wp\/v2\/posts"}],"about":[{"href":"https:\/\/zonaroja.com.mx\/index.php?rest_route=\/wp\/v2\/types\/post"}],"author":[{"embeddable":true,"href":"https:\/\/zonaroja.com.mx\/index.php?rest_route=\/wp\/v2\/users\/2"}],"replies":[{"embeddable":true,"href":"https:\/\/zonaroja.com.mx\/index.php?rest_route=%2Fwp%2Fv2%2Fcomments&post=16599"}],"version-history":[{"count":1,"href":"https:\/\/zonaroja.com.mx\/index.php?rest_route=\/wp\/v2\/posts\/16599\/revisions"}],"predecessor-version":[{"id":16601,"href":"https:\/\/zonaroja.com.mx\/index.php?rest_route=\/wp\/v2\/posts\/16599\/revisions\/16601"}],"wp:featuredmedia":[{"embeddable":true,"href":"https:\/\/zonaroja.com.mx\/index.php?rest_route=\/wp\/v2\/media\/16600"}],"wp:attachment":[{"href":"https:\/\/zonaroja.com.mx\/index.php?rest_route=%2Fwp%2Fv2%2Fmedia&parent=16599"}],"wp:term":[{"taxonomy":"category","embeddable":true,"href":"https:\/\/zonaroja.com.mx\/index.php?rest_route=%2Fwp%2Fv2%2Fcategories&post=16599"},{"taxonomy":"post_tag","embeddable":true,"href":"https:\/\/zonaroja.com.mx\/index.php?rest_route=%2Fwp%2Fv2%2Ftags&post=16599"}],"curies":[{"name":"wp","href":"https:\/\/api.w.org\/{rel}","templated":true}]}}