{"id":16602,"date":"2020-08-21T21:06:23","date_gmt":"2020-08-22T02:06:23","guid":{"rendered":"http:\/\/www.zonaroja.com.mx\/?p=16602"},"modified":"2020-08-21T21:06:26","modified_gmt":"2020-08-22T02:06:26","slug":"van-seis-ediles-que-mueren-este-ano-hoy-el-de-santiago-jocotepec","status":"publish","type":"post","link":"https:\/\/zonaroja.com.mx\/?p=16602","title":{"rendered":"Van seis ediles que mueren este a\u00f1o; hoy el de Santiago Jocotepec"},"content":{"rendered":"\n<p>Yuridiana Sosa\/Zona Roja.<\/p>\n\n\n\n<p>San Juan Bautista Tuxtepec, Oax., 21 de agosto de 2020.- El presidente de Santiago Jocotepec, municipio de la regi\u00f3n de la Cuenca, Pedro Esc\u00e1rcega P\u00e9rez, falleci\u00f3 este viernes a consecuencias del Covid-19, tras varios d\u00edas de combatir contra la enfermedad.<\/p>\n\n\n\n<p>Con este deceso suman seis los ediles que han fallecido en Oaxaca, la mayor\u00eda v\u00edctimas del coronavirus. Apenas el pasado 18 de agosto muri\u00f3 el presidente municipal de Mat\u00edas Romero de Avenda\u00f1o, Alfredo Ju\u00e1rez D\u00edaz, en la regi\u00f3n del Istmo.<\/p>\n\n\n\n<p>A estas defunciones le antecedi\u00f3 este mismo mes la del edil de Tamazul\u00e1pam del Esp\u00edritu Santo, en la zona Mixe, Artemio Ortiz Ric\u00e1rdez, ocurrida el pasado 5 de agosto.<\/p>\n\n\n\n<p>Anteriormente se registr\u00f3 el deceso del edil de San Juan Bautista Tuxtepec en la regi\u00f3n Cuenca, Fernando Bautista D\u00e1vila, el pasado 16 de julio. Mientras que Florencio San Germ\u00e1n Santiago, edil de San Baltazar Chichicapan, perdi\u00f3 la batalla contra el coronavirus el 28 de junio y el edil de Reyes Etla, Javier Santiago Ruiz el d\u00eda 13 de ese mismo mes; este \u00faltimo no se confirm\u00f3 que fuera por Covid.<\/p>\n","protected":false},"excerpt":{"rendered":"<p>Yuridiana Sosa\/Zona Roja. San Juan Bautista Tuxtepec, Oax., 21 de agosto de 2020.- El presidente&hellip;<\/p>\n","protected":false},"author":2,"featured_media":16603,"comment_status":"closed","ping_status":"open","sticky":false,"template":"","format":"standard","meta":{"_lmt_disableupdate":"","_lmt_disable":"","_jetpack_memberships_contains_paid_content":false,"footnotes":""},"categories":[109,47],"tags":[1941],"class_list":["post-16602","post","type-post","status-publish","format-standard","has-post-thumbnail","hentry","category-minuto-a-minuto","category-zona-gris","tag-pedro-escarcega-perez"],"jetpack_featured_media_url":"https:\/\/zonaroja.com.mx\/wp-content\/uploads\/2020\/08\/Pedro-Escarcega-Jocotepec.jpg","jetpack_sharing_enabled":true,"_links":{"self":[{"href":"https:\/\/zonaroja.com.mx\/index.php?rest_route=\/wp\/v2\/posts\/16602","targetHints":{"allow":["GET"]}}],"collection":[{"href":"https:\/\/zonaroja.com.mx\/index.php?rest_route=\/wp\/v2\/posts"}],"about":[{"href":"https:\/\/zonaroja.com.mx\/index.php?rest_route=\/wp\/v2\/types\/post"}],"author":[{"embeddable":true,"href":"https:\/\/zonaroja.com.mx\/index.php?rest_route=\/wp\/v2\/users\/2"}],"replies":[{"embeddable":true,"href":"https:\/\/zonaroja.com.mx\/index.php?rest_route=%2Fwp%2Fv2%2Fcomments&post=16602"}],"version-history":[{"count":1,"href":"https:\/\/zonaroja.com.mx\/index.php?rest_route=\/wp\/v2\/posts\/16602\/revisions"}],"predecessor-version":[{"id":16604,"href":"https:\/\/zonaroja.com.mx\/index.php?rest_route=\/wp\/v2\/posts\/16602\/revisions\/16604"}],"wp:featuredmedia":[{"embeddable":true,"href":"https:\/\/zonaroja.com.mx\/index.php?rest_route=\/wp\/v2\/media\/16603"}],"wp:attachment":[{"href":"https:\/\/zonaroja.com.mx\/index.php?rest_route=%2Fwp%2Fv2%2Fmedia&parent=16602"}],"wp:term":[{"taxonomy":"category","embeddable":true,"href":"https:\/\/zonaroja.com.mx\/index.php?rest_route=%2Fwp%2Fv2%2Fcategories&post=16602"},{"taxonomy":"post_tag","embeddable":true,"href":"https:\/\/zonaroja.com.mx\/index.php?rest_route=%2Fwp%2Fv2%2Ftags&post=16602"}],"curies":[{"name":"wp","href":"https:\/\/api.w.org\/{rel}","templated":true}]}}