{"id":16605,"date":"2020-08-21T21:15:16","date_gmt":"2020-08-22T02:15:16","guid":{"rendered":"http:\/\/www.zonaroja.com.mx\/?p=16605"},"modified":"2020-08-21T21:15:20","modified_gmt":"2020-08-22T02:15:20","slug":"registra-este-viernes-140-nuevos-casos-de-covid-y-10-decesos","status":"publish","type":"post","link":"https:\/\/zonaroja.com.mx\/?p=16605","title":{"rendered":"Registra este viernes 140 nuevos casos de Covid y 10 decesos"},"content":{"rendered":"\n<p>Redacci\u00f3n\/Zona Roja.<\/p>\n\n\n\n<p>Oaxaca de Ju\u00e1rez, Oax. 21 de agosto de 2020.- Los Servicios de Salud de Oaxaca (SSO), han contabilizado hasta este viernes 21 de agosto, 140 casos nuevos de COVID-19 en 35 municipios de la entidad, as\u00ed como lamentablemente 10 defunciones.<\/p>\n\n\n\n<p>En un comunicado, la dependencia indic\u00f3 que la cifra oficial asciende a un total de 12 mil 878 acumulados y mil 212 personas que han perdido la vida a causa del virus.<\/p>\n\n\n\n<p>Enfatiz\u00f3 que actualmente existen 627 casos activos, de \u00e9ste n\u00famero 461 son residentes de Valles Centrales, 60 de la Mixteca, 44 de la Costa, 30 del Istmo, 24 de Tuxtepec y ocho de la Sierra.<\/p>\n\n\n\n<p>Subray\u00f3 que se tienen 770 pacientes sospechosos en espera de resultados, cinco mil 454 negativos y 11 mil 039 recuperados, adem\u00e1s este viernes la red hospitalaria present\u00f3 43.2% de ocupaci\u00f3n de camas de pacientes COVID-19.<\/p>\n\n\n\n<figure class=\"wp-block-embed-twitter wp-block-embed is-type-rich is-provider-twitter\"><div class=\"wp-block-embed__wrapper\">\n<div class=\"twitter-tweet\"><blockquote class=\"twitter-tweet\" data-lang=\"es\"><p lang=\"es\" dir=\"ltr\"><a href=\"https:\/\/twitter.com\/hashtag\/NoBajemosLaGuardia?src=hash&amp;ref_src=twsrc%5Etfw\">#NoBajemosLaGuardia<\/a><br>Si relajamos las medidas de prevenci\u00f3n, ponemos en riesgo nuestra <a href=\"https:\/\/twitter.com\/hashtag\/Salud?src=hash&amp;ref_src=twsrc%5Etfw\">#Salud<\/a> y la de quienes nos rodean.<br>Contin\u00faa utilizando <a href=\"https:\/\/twitter.com\/hashtag\/Cubrebocas?src=hash&amp;ref_src=twsrc%5Etfw\">#Cubrebocas<\/a>, l\u00e1vate las manos frecuentemente y mant\u00e9n una <a href=\"https:\/\/twitter.com\/hashtag\/SanaDistancia?src=hash&amp;ref_src=twsrc%5Etfw\">#SanaDistancia<\/a>. <a href=\"https:\/\/t.co\/3X73rRmFvF\">pic.twitter.com\/3X73rRmFvF<\/a><\/p>&mdash; Servicios de Salud (@SSO_GobOax) <a href=\"https:\/\/twitter.com\/SSO_GobOax\/status\/1296984710636359681?ref_src=twsrc%5Etfw\">22 de agosto de 2020<\/a><\/blockquote><\/div>\n<\/div><\/figure>\n\n\n\n<p>De igual manera, especific\u00f3 que los municipios con la mayor incidencia de casos positivos reportados en las \u00faltimas 24 horas son: Oaxaca de Ju\u00e1rez con 56, Santa Cruz Xoxocotl\u00e1n con 11, Santa Luc\u00eda del Camino con ocho, San Agust\u00edn Yatareni seis, adem\u00e1s de la Heroica Ciudad de Huajuapan de Le\u00f3n, San Jacinto Amilpas y Ocotl\u00e1n de Morelos que reportaron cinco casos cada uno, entre otros.<\/p>\n\n\n\n<p>Detall\u00f3 que del global de confirmados, cinco mil 814 son mujeres y siete mil 064 hombres; asimismo el 22% han requerido atenci\u00f3n hospitalaria y el 78% han cursado el padecimiento en aislamiento domiciliario.<\/p>\n\n\n\n<p>Dijo que del personal del sector salud que ha dado positivo, 869 son de enfermer\u00eda, 666 m\u00e9dicos y 609 trabajadores de otras \u00e1reas; en total son dos mil 144.<\/p>\n\n\n\n<p>Respecto a las defunciones por distribuci\u00f3n geogr\u00e1fica, mencion\u00f3 que 583 corresponden a Valles Centrales, 231 a Tuxtepec e igual n\u00famero en el Istmo, as\u00ed como 72 a la Mixteca, 59 a la Costa y 36 en la Sierra; del global el 66% eran del sexo masculino.<\/p>\n\n\n\n<p>Finalmente exhort\u00f3 a la poblaci\u00f3n a usar correctamente el cubrebocas, para evitar contagiar a otras personas, y desecharlo de manera responsable.<\/p>\n\n\n\n<p>Especific\u00f3 que antes de usar las mascarillas y al retirarlas, es importante lavarse las manos o aplicar gel a base de alcohol al 60%; adem\u00e1s, antes de tirar el cubrebocas estos se deben romper o cortar las ligas sujetadoras y el frente, as\u00ed como desecharlos en una bolsa amigable con el medio ambiente.<\/p>\n","protected":false},"excerpt":{"rendered":"<p>Redacci\u00f3n\/Zona Roja. Oaxaca de Ju\u00e1rez, Oax. 21 de agosto de 2020.- Los Servicios de Salud&hellip;<\/p>\n","protected":false},"author":2,"featured_media":16606,"comment_status":"closed","ping_status":"open","sticky":false,"template":"","format":"standard","meta":{"_lmt_disableupdate":"","_lmt_disable":"","_jetpack_memberships_contains_paid_content":false,"footnotes":""},"categories":[1],"tags":[],"class_list":["post-16605","post","type-post","status-publish","format-standard","has-post-thumbnail","hentry","category-sin-categoria"],"jetpack_featured_media_url":"https:\/\/zonaroja.com.mx\/wp-content\/uploads\/2020\/08\/SSO-1-5-1.jpeg","jetpack_sharing_enabled":true,"_links":{"self":[{"href":"https:\/\/zonaroja.com.mx\/index.php?rest_route=\/wp\/v2\/posts\/16605","targetHints":{"allow":["GET"]}}],"collection":[{"href":"https:\/\/zonaroja.com.mx\/index.php?rest_route=\/wp\/v2\/posts"}],"about":[{"href":"https:\/\/zonaroja.com.mx\/index.php?rest_route=\/wp\/v2\/types\/post"}],"author":[{"embeddable":true,"href":"https:\/\/zonaroja.com.mx\/index.php?rest_route=\/wp\/v2\/users\/2"}],"replies":[{"embeddable":true,"href":"https:\/\/zonaroja.com.mx\/index.php?rest_route=%2Fwp%2Fv2%2Fcomments&post=16605"}],"version-history":[{"count":1,"href":"https:\/\/zonaroja.com.mx\/index.php?rest_route=\/wp\/v2\/posts\/16605\/revisions"}],"predecessor-version":[{"id":16607,"href":"https:\/\/zonaroja.com.mx\/index.php?rest_route=\/wp\/v2\/posts\/16605\/revisions\/16607"}],"wp:featuredmedia":[{"embeddable":true,"href":"https:\/\/zonaroja.com.mx\/index.php?rest_route=\/wp\/v2\/media\/16606"}],"wp:attachment":[{"href":"https:\/\/zonaroja.com.mx\/index.php?rest_route=%2Fwp%2Fv2%2Fmedia&parent=16605"}],"wp:term":[{"taxonomy":"category","embeddable":true,"href":"https:\/\/zonaroja.com.mx\/index.php?rest_route=%2Fwp%2Fv2%2Fcategories&post=16605"},{"taxonomy":"post_tag","embeddable":true,"href":"https:\/\/zonaroja.com.mx\/index.php?rest_route=%2Fwp%2Fv2%2Ftags&post=16605"}],"curies":[{"name":"wp","href":"https:\/\/api.w.org\/{rel}","templated":true}]}}