{"id":16608,"date":"2020-08-21T21:45:02","date_gmt":"2020-08-22T02:45:02","guid":{"rendered":"http:\/\/www.zonaroja.com.mx\/?p=16608"},"modified":"2020-08-21T22:04:40","modified_gmt":"2020-08-22T03:04:40","slug":"renuncia-catedratico-y-trabajador-del-gobierno-senalado-de-acoso-sexual","status":"publish","type":"post","link":"https:\/\/zonaroja.com.mx\/?p=16608","title":{"rendered":"Renuncia catedr\u00e1tico y trabajador del gobierno se\u00f1alado de acoso sexual"},"content":{"rendered":"\n<p>Redacci\u00f3n\/Zona Roja.<\/p>\n\n\n\n<p>El catedr\u00e1tico Emanuel Bethier S\u00e1nchez, fue denunciado como acosador sexual  por diversos colectivos feministas, entre ellos Marea Verde, por lo cual present\u00f3 su renuncia voluntaria a la Corporaci\u00f3n Oaxaque\u00f1a de Radio y Televisi\u00f3n, donde laboraba.<\/p>\n\n\n\n<p>Seg\u00fan los se\u00f1alamientos, el individuo imparte la clase de Sociolog\u00eda en el Instituto Blaise Pascal de la ciudad de Oaxaca; \u201ces un acosador y abusador sexual\u201d, expusieron en redes sociales.<\/p>\n\n\n\n<p>Presuntamente una alumna de la Universidad LaSalle de Oaxaca present\u00f3 una denuncia en contra de Emanuel Bethier, por hostigamiento sexual; asimismo, pide fotograf\u00edas y material \u00edntimo a las alumnas a cambio de aumentar sus calificaciones.<\/p>\n\n\n\n<p>\u201cLas amedrente, las hostiga y las acosa; las cita en horarios fuera de clase para ofrecer asesor\u00edas y es cuando aprovecha esos espacios para solicitarles material \u00edntimo\u201d, denunci\u00f3 Marea Verde.<\/p>\n\n\n\n<p>El catedr\u00e1tico era trabajador de la Corporaci\u00f3n Oaxaque\u00f1a de Radio y Televisi\u00f3n, por lo cual la instituci\u00f3n se deslind\u00f3 de esos hechos e inform\u00f3 que present\u00f3 este d\u00eda de forma personal y voluntaria su renuncia.<\/p>\n\n\n\n<p>\u201cLa CORTV como medio p\u00fablico tiene una funci\u00f3n social relevante contra la discriminaci\u00f3n y todas las formas de violencia contra las mujeres, lo cual ha trabajado a favor de estas \u00faltimas brindando un importante espacio en su programaci\u00f3n para la defensa de los derechos humanos de las mujeres\u201d, expuso.<\/p>\n\n\n\n<p>En un comunicado, dijo que en atenci\u00f3n al pronunciamiento de Marea Verde, \u201casumimos la responsabilidad de solicitarle se separara del cargo, lo que acept\u00f3, salvaguardando los derechos humanos de nuestras colaboradoras. \u201cDe esta manera damos un mensaje claro, no vamos a permitir ni tolerar la comisi\u00f3n de delitos y actos que atentan contra la vida, la libertad y dignidad de las mujeres y menos a\u00fan de todas y cada una de las mujeres que trabajan cada d\u00eda en la CORTV\u201d, detall\u00f3 la instancia que encabeza Mart\u00edn V\u00e1squez Villanueva<\/p>\n","protected":false},"excerpt":{"rendered":"<p>Redacci\u00f3n\/Zona Roja. El catedr\u00e1tico Emanuel Bethier S\u00e1nchez, fue denunciado como acosador sexual por diversos colectivos&hellip;<\/p>\n","protected":false},"author":2,"featured_media":16609,"comment_status":"closed","ping_status":"open","sticky":false,"template":"","format":"standard","meta":{"_lmt_disableupdate":"","_lmt_disable":"","_jetpack_memberships_contains_paid_content":false,"footnotes":""},"categories":[109,47],"tags":[1942],"class_list":["post-16608","post","type-post","status-publish","format-standard","has-post-thumbnail","hentry","category-minuto-a-minuto","category-zona-gris","tag-emanuel-bethier-sanchez"],"jetpack_featured_media_url":"https:\/\/zonaroja.com.mx\/wp-content\/uploads\/2020\/08\/Emanuel-Bethier.jpg","jetpack_sharing_enabled":true,"_links":{"self":[{"href":"https:\/\/zonaroja.com.mx\/index.php?rest_route=\/wp\/v2\/posts\/16608","targetHints":{"allow":["GET"]}}],"collection":[{"href":"https:\/\/zonaroja.com.mx\/index.php?rest_route=\/wp\/v2\/posts"}],"about":[{"href":"https:\/\/zonaroja.com.mx\/index.php?rest_route=\/wp\/v2\/types\/post"}],"author":[{"embeddable":true,"href":"https:\/\/zonaroja.com.mx\/index.php?rest_route=\/wp\/v2\/users\/2"}],"replies":[{"embeddable":true,"href":"https:\/\/zonaroja.com.mx\/index.php?rest_route=%2Fwp%2Fv2%2Fcomments&post=16608"}],"version-history":[{"count":2,"href":"https:\/\/zonaroja.com.mx\/index.php?rest_route=\/wp\/v2\/posts\/16608\/revisions"}],"predecessor-version":[{"id":16611,"href":"https:\/\/zonaroja.com.mx\/index.php?rest_route=\/wp\/v2\/posts\/16608\/revisions\/16611"}],"wp:featuredmedia":[{"embeddable":true,"href":"https:\/\/zonaroja.com.mx\/index.php?rest_route=\/wp\/v2\/media\/16609"}],"wp:attachment":[{"href":"https:\/\/zonaroja.com.mx\/index.php?rest_route=%2Fwp%2Fv2%2Fmedia&parent=16608"}],"wp:term":[{"taxonomy":"category","embeddable":true,"href":"https:\/\/zonaroja.com.mx\/index.php?rest_route=%2Fwp%2Fv2%2Fcategories&post=16608"},{"taxonomy":"post_tag","embeddable":true,"href":"https:\/\/zonaroja.com.mx\/index.php?rest_route=%2Fwp%2Fv2%2Ftags&post=16608"}],"curies":[{"name":"wp","href":"https:\/\/api.w.org\/{rel}","templated":true}]}}