{"id":16614,"date":"2020-08-22T07:51:22","date_gmt":"2020-08-22T12:51:22","guid":{"rendered":"http:\/\/www.zonaroja.com.mx\/?p=16614"},"modified":"2020-08-22T07:51:57","modified_gmt":"2020-08-22T12:51:57","slug":"presunto-asesino-de-luis-miranda-no-se-suicido-en-la-carcel-lo-mataron","status":"publish","type":"post","link":"https:\/\/zonaroja.com.mx\/?p=16614","title":{"rendered":"Presunto asesino de Luis Miranda no se suicid\u00f3 en la c\u00e1rcel; lo mataron"},"content":{"rendered":"\n<p>Redacci\u00f3n\/Zona Roja.<\/p>\n\n\n\n<p>Ciudad de M\u00e9xico, 22 de agosto de 2020.- El presunto asesino del notario Luis Miranda Cardoso no se suicid\u00f3 en la c\u00e1rcel, sino que fue asesinado con un golpe en la cabeza.<\/p>\n\n\n\n<p>As\u00ed lo inform\u00f3 ayer la Fiscal\u00eda General de Justicia del estado de M\u00e9xico, al precisar el caso de Arturo \u201cN\u201d, detenido como uno de los probables responsables del crimen del padre del diputado federal priista Luis Miranda Nava.<\/p>\n\n\n\n<p>Con anterioridad, la Secretar\u00eda de Seguridad P\u00fablica de esa entidad hab\u00eda informado que el aprehendido se hab\u00eda suicidado.<\/p>\n\n\n\n<p>No obstante, seg\u00fan la Fiscal\u00eda General, alrededor de las 22:30 horas del 17 de agosto recibi\u00f3 la notificaci\u00f3n sobre el hallazgo del cuerpo sin vida del hombre de 56 a\u00f1os, quien se encontraba dentro del \u00e1rea conocida como \u201cImaginaria\u201d, en el Centro de Prevenci\u00f3n y Reinserci\u00f3n Social de Santiaguito, en Almoloya de Ju\u00e1rez.<\/p>\n\n\n\n<p>Detall\u00f3 que si bien los indicios encontrados en el lugar de los hechos y los datos de prueba preliminares eran coincidentes con un aparente suicidio, una vez que el cuerpo fue analizado por especialistas en medicina forense, fue posible determinar que esta persona presentaba diversas lesiones recientes, entre ellas un traumatismo craneoencef\u00e1lico severo, que fue identificado como la causa de muerte.<\/p>\n\n\n\n<p>Seg\u00fan la tarjeta informativa, luego de realizar las pruebas periciales correspondientes, el cuerpo fue entregado a sus familiares.<\/p>\n\n\n\n<p>Refiri\u00f3 que la Secretar\u00eda de Seguridad del Estado de M\u00e9xico ya present\u00f3 ante el Ministerio P\u00fablico a cuatro elementos de guardia y custodia del penal de Santiaguito para que rindan declaraci\u00f3n en torno a lo sucedido con Arturo \u201cN\u201d.<\/p>\n\n\n\n<p>El crimen del padre del exsecretario de Desarrollo Social, Luis Miranda Nava se registr\u00f3 el 11 de agosto pasado al interior del domicilio particular del exjuez, en la colonia S\u00e1nchez, en Toluca.<\/p>\n\n\n\n<p>El presunto responsable del homicidio fue aprehendido el domingo 16 de agosto, cinco d\u00edas despu\u00e9s del homicidio del notario p\u00fablico y fue ingresado al penal de Santiaguito para que un juez determinara su situaci\u00f3n jur\u00eddica; al d\u00eda siguiente se present\u00f3 a la audiencia inicial pero m\u00e1s tarde fue hallado muerto.<\/p>\n\n\n\n<p>(Con informaci\u00f3n de \u00abEl Universal\u00bb)<\/p>\n","protected":false},"excerpt":{"rendered":"<p>Redacci\u00f3n\/Zona Roja. Ciudad de M\u00e9xico, 22 de agosto de 2020.- El presunto asesino del notario&hellip;<\/p>\n","protected":false},"author":2,"featured_media":16615,"comment_status":"closed","ping_status":"open","sticky":false,"template":"","format":"standard","meta":{"_lmt_disableupdate":"","_lmt_disable":"","_jetpack_memberships_contains_paid_content":false,"footnotes":""},"categories":[109,51],"tags":[1943],"class_list":["post-16614","post","type-post","status-publish","format-standard","has-post-thumbnail","hentry","category-minuto-a-minuto","category-zona-roja","tag-luis-miranda-cardoso"],"jetpack_featured_media_url":"https:\/\/zonaroja.com.mx\/wp-content\/uploads\/2020\/08\/Arturo-N-caso-Luis-Miranda.jpg","jetpack_sharing_enabled":true,"_links":{"self":[{"href":"https:\/\/zonaroja.com.mx\/index.php?rest_route=\/wp\/v2\/posts\/16614","targetHints":{"allow":["GET"]}}],"collection":[{"href":"https:\/\/zonaroja.com.mx\/index.php?rest_route=\/wp\/v2\/posts"}],"about":[{"href":"https:\/\/zonaroja.com.mx\/index.php?rest_route=\/wp\/v2\/types\/post"}],"author":[{"embeddable":true,"href":"https:\/\/zonaroja.com.mx\/index.php?rest_route=\/wp\/v2\/users\/2"}],"replies":[{"embeddable":true,"href":"https:\/\/zonaroja.com.mx\/index.php?rest_route=%2Fwp%2Fv2%2Fcomments&post=16614"}],"version-history":[{"count":2,"href":"https:\/\/zonaroja.com.mx\/index.php?rest_route=\/wp\/v2\/posts\/16614\/revisions"}],"predecessor-version":[{"id":16617,"href":"https:\/\/zonaroja.com.mx\/index.php?rest_route=\/wp\/v2\/posts\/16614\/revisions\/16617"}],"wp:featuredmedia":[{"embeddable":true,"href":"https:\/\/zonaroja.com.mx\/index.php?rest_route=\/wp\/v2\/media\/16615"}],"wp:attachment":[{"href":"https:\/\/zonaroja.com.mx\/index.php?rest_route=%2Fwp%2Fv2%2Fmedia&parent=16614"}],"wp:term":[{"taxonomy":"category","embeddable":true,"href":"https:\/\/zonaroja.com.mx\/index.php?rest_route=%2Fwp%2Fv2%2Fcategories&post=16614"},{"taxonomy":"post_tag","embeddable":true,"href":"https:\/\/zonaroja.com.mx\/index.php?rest_route=%2Fwp%2Fv2%2Ftags&post=16614"}],"curies":[{"name":"wp","href":"https:\/\/api.w.org\/{rel}","templated":true}]}}