{"id":1662,"date":"2019-06-17T09:40:07","date_gmt":"2019-06-17T14:40:07","guid":{"rendered":"http:\/\/www.zonaroja.com.mx\/?p=1662"},"modified":"2019-06-17T09:40:09","modified_gmt":"2019-06-17T14:40:09","slug":"la-oaxaquena-que-dejo-su-tierra-para-buscar-a-su-hijo-desaparecido","status":"publish","type":"post","link":"https:\/\/zonaroja.com.mx\/?p=1662","title":{"rendered":"La oaxaque\u00f1a que dej\u00f3 su tierra para buscar a su hijo desaparecido"},"content":{"rendered":"\n<p>Ismael\nGarc\u00eda<\/p>\n\n\n\n<p>Oaxaca de\nJu\u00e1rez, Oax., 16 de junio de 2019.- Desde hace poco m\u00e1s de dos a\u00f1os, la se\u00f1ora\nMar\u00eda Isabel Cruz Bernal abandon\u00f3 su natal Oaxaca para ir en busca de su hijo.<\/p>\n\n\n\n<p>Reyes\nYosimar Garc\u00eda Cruz era polic\u00eda municipal de Culiac\u00e1n, Sinaloa, que fue\nreportado como desaparecido en enero de 2017. Desde entonces nada se sabe de\n\u00e9l.<\/p>\n\n\n\n<p>Mar\u00eda Isabel\ndej\u00f3 familia y casa, en busca de su v\u00e1stago. En m\u00e1s de dos a\u00f1os, ha recorrido\ntodo Sinaloa y muchos estados, incluso fund\u00f3 el colectivo \u201cSabuesas Guerreras\u201d.<\/p>\n\n\n\n<p>Lleva\nconsigo su dolor y su angustia por territorio mexicano, pero tambi\u00e9n la\nesperanza de encontrar alg\u00fan d\u00eda con vida a su Yosimar.<\/p>\n\n\n\n<p>El fin de\nsemana, Mar\u00eda Isabel Cruz Bernal, junto con madres de otras v\u00edctimas de\ndesaparici\u00f3n, asisti\u00f3 a na misa por el D\u00eda del Polic\u00eda, en que record\u00f3 a su\nhijo, que se desempe\u00f1\u00f3 como uniformado en Culiac\u00e1n, y nunca tuvo quejas de \u00e9l.<\/p>\n\n\n\n<p>Ella en\nsilencio, despleg\u00f3 en la iglesia una pancarta con la foto de su hijo; las \u201cSabuesas\nGuerreras\u201d se sumaron a la causa, al luto pero tambi\u00e9n a la decisi\u00f3n de seguir buscando\npalmo a palmo a sus desaparecidos.<\/p>\n\n\n\n<p>Recientemente,\nMar\u00eda Isabel, promovi\u00f3 un amparo para obligar a las autoridades estatales para\nque intensifiquen la b\u00fasqueda de su hijo.<\/p>\n\n\n\n<p>Al t\u00e9rmino\nde la ceremonia religiosa, el grupo de rastreadoras de \u201cGuerreras Sabuesas\u201d\ngritaron el nombre del agente desaparecido, Reyes Yosimar, como pase de lista. <\/p>\n\n\n\n<p>La se\u00f1ora\nCruz Bernal recrimin\u00f2 que a m\u00e1s de dos a\u00f1os de su desaparici\u00f3n, no observa\nvoluntad de las autoridades por localizarlo. <\/p>\n\n\n\n<p>Inform\u00f3 que Sinaloa\nse ubica en el tercer lugar nacional en cuanto a n\u00famero de fosas clandestinas\ndescubiertas en el actual sexenio, trabajo desarrollado por los colectivos de\nrastreadoras peritos de la Fiscal\u00eda Local y que no se perciben avances en\ncuanto a las investigaciones de desaparecidos. <\/p>\n\n\n\n<p>Seg\u00fan las\n\u00fanicas investigaciones con que cuenta la autoridad ministerial, en enero del\n2017, en fechas y puntos distintos de la capital del estado, grupos armados\nlevantaron a elementos de la polic\u00eda, el primero de ellos fue el jefe\noperativo, Israel Ruiz Felix, en la colonia Esthela Ortiz, en Culiac\u00e1n. <\/p>\n\n\n\n<p>Despu\u00e9s en\nel fraccionamiento Costa del Sol, de forma similar desapareci\u00f3 el polic\u00eda\nmunicipal Jos\u00e9 Antonio Saavedra y posteriormente en el fraccionamiento\nInfonavit, Humaya, fue sacado de su hogar con lujo de violencia, Reyes Josimar\nGarc\u00eda Cruz.<\/p>\n\n\n\n<p>La\noaxaque\u00f1a, por lo pronto, va a cuanto foro de denuncia hay para denunciar la\nomisi\u00f2n de las autoridades federales y estatales y para exigir justicia.<\/p>\n","protected":false},"excerpt":{"rendered":"<p>Ismael Garc\u00eda Oaxaca de Ju\u00e1rez, Oax., 16 de junio de 2019.- Desde hace poco m\u00e1s&hellip;<\/p>\n","protected":false},"author":2,"featured_media":1663,"comment_status":"closed","ping_status":"open","sticky":false,"template":"","format":"standard","meta":{"_lmt_disableupdate":"","_lmt_disable":"","_jetpack_memberships_contains_paid_content":false,"footnotes":""},"categories":[109,51],"tags":[137,134,136],"class_list":["post-1662","post","type-post","status-publish","format-standard","has-post-thumbnail","hentry","category-minuto-a-minuto","category-zona-roja","tag-reyes-josimar-garcia-cruz","tag-sabuesas-guerreras","tag-sinaloa"],"jetpack_featured_media_url":"https:\/\/zonaroja.com.mx\/wp-content\/uploads\/2019\/06\/PHOTO-2019-06-15-20-37-49.jpg","jetpack_sharing_enabled":true,"_links":{"self":[{"href":"https:\/\/zonaroja.com.mx\/index.php?rest_route=\/wp\/v2\/posts\/1662","targetHints":{"allow":["GET"]}}],"collection":[{"href":"https:\/\/zonaroja.com.mx\/index.php?rest_route=\/wp\/v2\/posts"}],"about":[{"href":"https:\/\/zonaroja.com.mx\/index.php?rest_route=\/wp\/v2\/types\/post"}],"author":[{"embeddable":true,"href":"https:\/\/zonaroja.com.mx\/index.php?rest_route=\/wp\/v2\/users\/2"}],"replies":[{"embeddable":true,"href":"https:\/\/zonaroja.com.mx\/index.php?rest_route=%2Fwp%2Fv2%2Fcomments&post=1662"}],"version-history":[{"count":1,"href":"https:\/\/zonaroja.com.mx\/index.php?rest_route=\/wp\/v2\/posts\/1662\/revisions"}],"predecessor-version":[{"id":1664,"href":"https:\/\/zonaroja.com.mx\/index.php?rest_route=\/wp\/v2\/posts\/1662\/revisions\/1664"}],"wp:featuredmedia":[{"embeddable":true,"href":"https:\/\/zonaroja.com.mx\/index.php?rest_route=\/wp\/v2\/media\/1663"}],"wp:attachment":[{"href":"https:\/\/zonaroja.com.mx\/index.php?rest_route=%2Fwp%2Fv2%2Fmedia&parent=1662"}],"wp:term":[{"taxonomy":"category","embeddable":true,"href":"https:\/\/zonaroja.com.mx\/index.php?rest_route=%2Fwp%2Fv2%2Fcategories&post=1662"},{"taxonomy":"post_tag","embeddable":true,"href":"https:\/\/zonaroja.com.mx\/index.php?rest_route=%2Fwp%2Fv2%2Ftags&post=1662"}],"curies":[{"name":"wp","href":"https:\/\/api.w.org\/{rel}","templated":true}]}}