{"id":16628,"date":"2020-08-22T14:20:51","date_gmt":"2020-08-22T19:20:51","guid":{"rendered":"http:\/\/www.zonaroja.com.mx\/?p=16628"},"modified":"2020-08-22T14:20:54","modified_gmt":"2020-08-22T19:20:54","slug":"solicita-diputada-acercar-tecnologias-para-garantizar-salud-en-comunidades","status":"publish","type":"post","link":"https:\/\/zonaroja.com.mx\/?p=16628","title":{"rendered":"Solicita diputada acercar tecnolog\u00edas para garantizar salud en comunidades"},"content":{"rendered":"\n<p>Redacci\u00f3n\/Zona Roja.<\/p>\n\n\n\n<p>Oaxaca de Ju\u00e1rez, Oax., 22 de agosto de 2020.- La diputada Elisa Zepeda Lagunas present\u00f3 una iniciativa de reforma al art\u00edculo siete de la Ley Estatal de Salud, con la que se busca garantizar el primer nivel de atenci\u00f3n m\u00e9dica a zonas rurales y urbanas de menor desarrollo econ\u00f3mico y social en el estado.<\/p>\n\n\n\n<p>La representante popular indic\u00f3 que es obligaci\u00f3n del Poder Ejecutivo, hacer uso de la infraestructura con la que cuenta la Secretar\u00eda de Salud Oaxaca, para acercar a trav\u00e9s de las tecnolog\u00edas de la informaci\u00f3n los servicios m\u00e9dicos.<\/p>\n\n\n\n<p>La proposici\u00f3n legislativa establece que ante la emergencia sanitaria por la que atraviesa el mundo a causa de la pandemia por Covid-19, resulta oportuno hacer uso de las tecnolog\u00edas de la informaci\u00f3n, entendiendo estas como: aquellas que giran en torno a tres medios b\u00e1sicos: la inform\u00e1tica, la microelectr\u00f3nica y las telecomunicaciones.<\/p>\n\n\n\n<p>Elisa Zepeda indic\u00f3 que las comunidades rurales en las que est\u00e1 llegando el coronavirus, las dificultades son diferentes a las del hacinamiento de las zonas urbano-marginales; toda vez que est\u00e1n m\u00e1s distantes de los servicios p\u00fablicos, en particular de los establecimientos de salud equipados para atender a las personas que desarrollen complicaciones por la Covid-19 u otra enfermedad.<\/p>\n\n\n\n<p>Se\u00f1al\u00f3 que otra de las desventajas, es que la mayor\u00eda de las comunidades alejadas, son habitadas por personas ind\u00edgenas cuyos derechos son vulnerados de manera sistem\u00e1tica, tanto en el acceso a oportunidades como en la discriminaci\u00f3n en los establecimientos de salud.<\/p>\n\n\n\n<p>Finalmente, la representante popular dijo que la pandemia mostr\u00f3 la enorme necesidad de implementar nuevos mecanismos para acercar los servicios de salud a nuestras comunidades; por lo que las tecnolog\u00edas de la informaci\u00f3n resultan una oportunidad inmediata para brindar este servicio en su primer de atenci\u00f3n, en la que las autoridades deber\u00e1n ejercerla tomando como base la pertinencia cultural de nuestras comunidades ind\u00edgenas; como lo es el contexto social y su lengua.<\/p>\n\n\n\n<p>AGILIZAR JUSTICIA<\/p>\n\n\n\n<p>Por otra parte, para garantizar a las mujeres ind\u00edgenas que en el acceso a la justicia, logren conocer sus derechos no solo cuando corresponde acudir en su calidad de imputadas, sino tambi\u00e9n en su calidad de v\u00edctimas de un delito, como sucede en la mayor\u00eda de los casos, la diputada Elisa Zepeda propuso una iniciativa de reforma la Ley Org\u00e1nica de la Fiscal\u00eda General del Estado de Oaxaca.<\/p>\n\n\n\n<p>La representante popular se\u00f1al\u00f3 que resulta necesario reconocer que, dentro de la instituci\u00f3n de procuraci\u00f3n de justicia en nuestra entidad, carecen de mecanismos que tomen en cuenta el contexto cultural del que proviene la v\u00edctima, la parte ofendida o las personas testigos, a quienes no se les dota de la informaci\u00f3n integral buscando que \u00e9sta sea culturalmente adecuada.<\/p>\n\n\n\n<p>Lo anterior, dijo se debe a que en gran medida, el personal de la fiscal\u00eda no est\u00e1 preparado para la atenci\u00f3n de mujeres ind\u00edgenas v\u00edctimas de delitos; pues carecen en primera instancia de la perspectiva de g\u00e9nero y la atenci\u00f3n ha sido homog\u00e9nea, sin tomar en cuenta las condiciones culturales de las personas que acuden a presentar una denuncia.<\/p>\n\n\n\n<p>De igual forma, la falta de traductores e int\u00e9rpretes, hace a las mujeres ind\u00edgenas m\u00e1s vulnerables a la violencia institucional , se traduce en omisiones y acciones en su contra. Por esta raz\u00f3n, el miedo a ser violentadas por las instituciones es, otra de las principales causas por las que las mujeres ind\u00edgenas no accionan la justicia estatal.<\/p>\n\n\n\n<p>\u201cLa Fiscal\u00eda General del Estado requiere tomar la importancia y la trascendencia de este rezago dentro de la instituci\u00f3n, que ha violentado por a\u00f1os el derecho de las mujeres ind\u00edgenas para acceder a la justicia cuando son v\u00edctimas de violencia por raz\u00f3n de g\u00e9nero; pues es justo el miedo a ser revictimizadas una de las causas que las obliga a no dar seguimiento a la denuncia\u201d.<\/p>\n\n\n\n<p>La propuesta detalla, que la FGEO deber\u00e1 contar con int\u00e9rpretes y traductores para garantizar a las v\u00edctimas directas e indirectas, ofendidas, denunciantes, persona imputada y testigos pertenecientes a los pueblos y comunidades ind\u00edgenas, la comunicaci\u00f3n en sus lenguas y que conozcan sus derechos tomando como base la pertinencia cultural.<\/p>\n\n\n\n<p>Tambi\u00e9n estipula que el Ministerio P\u00fablico deber\u00e1 conducirse con \u00e9tica, igualdad y con perspectiva de g\u00e9nero.<\/p>\n","protected":false},"excerpt":{"rendered":"<p>Redacci\u00f3n\/Zona Roja. Oaxaca de Ju\u00e1rez, Oax., 22 de agosto de 2020.- La diputada Elisa Zepeda&hellip;<\/p>\n","protected":false},"author":2,"featured_media":16629,"comment_status":"closed","ping_status":"open","sticky":false,"template":"","format":"standard","meta":{"_lmt_disableupdate":"","_lmt_disable":"","_jetpack_memberships_contains_paid_content":false,"footnotes":""},"categories":[109,46],"tags":[215],"class_list":["post-16628","post","type-post","status-publish","format-standard","has-post-thumbnail","hentry","category-minuto-a-minuto","category-zona-blanca","tag-elisa-zepeda-lagunas"],"jetpack_featured_media_url":"https:\/\/zonaroja.com.mx\/wp-content\/uploads\/2020\/08\/Solicita-Diputada-Elisa-Zepeda-incorporarherramientas-tecnolo\u0301gicas-para-garantizar-servicios-de-salud-en-comunidadesindi\u0301genas.jpeg","jetpack_sharing_enabled":true,"_links":{"self":[{"href":"https:\/\/zonaroja.com.mx\/index.php?rest_route=\/wp\/v2\/posts\/16628","targetHints":{"allow":["GET"]}}],"collection":[{"href":"https:\/\/zonaroja.com.mx\/index.php?rest_route=\/wp\/v2\/posts"}],"about":[{"href":"https:\/\/zonaroja.com.mx\/index.php?rest_route=\/wp\/v2\/types\/post"}],"author":[{"embeddable":true,"href":"https:\/\/zonaroja.com.mx\/index.php?rest_route=\/wp\/v2\/users\/2"}],"replies":[{"embeddable":true,"href":"https:\/\/zonaroja.com.mx\/index.php?rest_route=%2Fwp%2Fv2%2Fcomments&post=16628"}],"version-history":[{"count":1,"href":"https:\/\/zonaroja.com.mx\/index.php?rest_route=\/wp\/v2\/posts\/16628\/revisions"}],"predecessor-version":[{"id":16630,"href":"https:\/\/zonaroja.com.mx\/index.php?rest_route=\/wp\/v2\/posts\/16628\/revisions\/16630"}],"wp:featuredmedia":[{"embeddable":true,"href":"https:\/\/zonaroja.com.mx\/index.php?rest_route=\/wp\/v2\/media\/16629"}],"wp:attachment":[{"href":"https:\/\/zonaroja.com.mx\/index.php?rest_route=%2Fwp%2Fv2%2Fmedia&parent=16628"}],"wp:term":[{"taxonomy":"category","embeddable":true,"href":"https:\/\/zonaroja.com.mx\/index.php?rest_route=%2Fwp%2Fv2%2Fcategories&post=16628"},{"taxonomy":"post_tag","embeddable":true,"href":"https:\/\/zonaroja.com.mx\/index.php?rest_route=%2Fwp%2Fv2%2Ftags&post=16628"}],"curies":[{"name":"wp","href":"https:\/\/api.w.org\/{rel}","templated":true}]}}