{"id":16634,"date":"2020-08-22T14:52:05","date_gmt":"2020-08-22T19:52:05","guid":{"rendered":"http:\/\/www.zonaroja.com.mx\/?p=16634"},"modified":"2020-08-22T19:29:46","modified_gmt":"2020-08-23T00:29:46","slug":"guadalupe-diaz-graba-video-postumo-en-caso-de-asesinato-o-detencion","status":"publish","type":"post","link":"https:\/\/zonaroja.com.mx\/?p=16634","title":{"rendered":"Guadalupe D\u00edaz graba video p\u00f3stumo en caso de asesinato o detenci\u00f3n"},"content":{"rendered":"\n<p>Yuridiana Sosa\/Zona Roja.<\/p>\n\n\n\n<p>Oaxaca de Ju\u00e1rez, Oax., 22 de agosto de 2020.- Ante los diversos hechos en su contra, la dirigente en Oaxaca de la Confederaci\u00f3n Libertad de Trabajadores de M\u00e9xico, Guadalupe D\u00edaz Pantoja, grab\u00f3 un video con detalles sobre distintos actos, el cual ser\u00eda difundido en caso de ser asesinada o privada de su libertad.<\/p>\n\n\n\n<p>As\u00ed lo dio a conocer en entrevista tras los bloqueos que efectuaron afiliados al gremio, para exigir participaci\u00f3n en obras estatales y federales, en la que tambi\u00e9n denunciaron irregularidades del gobierno estatal en la asignaci\u00f3n de obras, as\u00ed como algunas amenazas contra la organizaci\u00f3n para evitar movilizaciones.<\/p>\n\n\n\n<p>D\u00edaz Pantoja indic\u00f3 que el gobierno de Alejandro Murat Hinojosa ha realizado cinco intentos de fabricaci\u00f3n de delitos para involucrarla, con el fin de una detenci\u00f3n, pues la persecuci\u00f3n de su movimiento no ha cesado.<\/p>\n\n\n\n<p>Previo a su atentado el pasado 5 de febrero en la colonia de Reforma de Oaxaca de Ju\u00e1rez, y ante otras advertencias, grab\u00f3 un video p\u00f3stumo que mantienen en resguardo para que, en caso de ser asesinada se difunda, as\u00ed como en raz\u00f3n de ser privada ilegalmente de su libertad.<\/p>\n\n\n\n<p>\u201cHay un video p\u00f3stumo donde damos a conocer a detalle cosas, que a veces no decimos para no comprometer a los medios de comunicaci\u00f3n\u201d, dijo quien fuera presidenta del Partido de las Mujeres en Oaxaca.<\/p>\n\n\n\n<figure class=\"wp-block-embed-twitter wp-block-embed is-type-rich is-provider-twitter\"><div class=\"wp-block-embed__wrapper\">\n<div class=\"twitter-tweet\"><blockquote class=\"twitter-tweet\" data-lang=\"es\"><p lang=\"es\" dir=\"ltr\">Tras las movilizaciones durante dos d\u00edas, la dirigente de la <a href=\"https:\/\/twitter.com\/CLTMOAXACA?ref_src=twsrc%5Etfw\">@CLTMOAXACA<\/a>, Guadalupe D\u00edaz Pantoja, no descart\u00f3 un atentado en su contra. <br>Sin embargo, en caso de que sucediera, tiene grabado y guardado un video donde detalla nombres y datos de probables agresores, dijo. <a href=\"https:\/\/t.co\/mTPjfcyfPM\">pic.twitter.com\/mTPjfcyfPM<\/a><\/p>&mdash; Zona Roja Oaxaca (@MexRoja) <a href=\"https:\/\/twitter.com\/MexRoja\/status\/1296922656432746497?ref_src=twsrc%5Etfw\">21 de agosto de 2020<\/a><\/blockquote><\/div>\n<\/div><\/figure>\n\n\n\n<p>La lideresa advirti\u00f3: \u201cNi crean que me voy a quedar cruzada de brazos, si me encarcelan, si criminalizan mi dirigencia social, no me voy a quedar cruzada de brazos ni, aunque est\u00e9 presa\u201d.<\/p>\n\n\n\n<p>Reconoci\u00f3 que tiene enemigos poderosos, pero conf\u00eda en la gente que la sigue y en los recursos pol\u00edticos de los que se puede valer para defenderse.<\/p>\n\n\n\n<p>\u201cSi en alg\u00fan momento me hacen algo, o me detienen, yo siempre voy a tener la cara limpia, las manos limpias, y no me asusta enfrentar ese tipo de cosas\u201d, insisti\u00f3 en su defensa Guadalupe D\u00edaz, quien en diversas ocasiones ha denunciado p\u00fablicamente las diferencias que ha tenido con Jos\u00e9 Manuel Vera Salinas, Secretario Ejecutivo del Sistema Estatal de Seguridad P\u00fablica de Oaxaca.<\/p>\n\n\n\n<p>De manera frecuente ha se\u00f1alado tambi\u00e9n a Vera Salinas de estar inmiscuido en diversos asuntos il\u00edcitos; de aprovecharse del tema feminista para lanzar su campa\u00f1a pol\u00edtica y de orquestar los ataques en su contra; tambi\u00e9n, de mantener la relaci\u00f3n con sindicatos de transportistas, cuando no es su funci\u00f3n.<\/p>\n","protected":false},"excerpt":{"rendered":"<p>Yuridiana Sosa\/Zona Roja. Oaxaca de Ju\u00e1rez, Oax., 22 de agosto de 2020.- Ante los diversos&hellip;<\/p>\n","protected":false},"author":2,"featured_media":16635,"comment_status":"closed","ping_status":"open","sticky":false,"template":"","format":"standard","meta":{"_lmt_disableupdate":"","_lmt_disable":"","_jetpack_memberships_contains_paid_content":false,"footnotes":""},"categories":[109,47],"tags":[264],"class_list":["post-16634","post","type-post","status-publish","format-standard","has-post-thumbnail","hentry","category-minuto-a-minuto","category-zona-gris","tag-guadalupe-diaz-pantoja"],"jetpack_featured_media_url":"https:\/\/zonaroja.com.mx\/wp-content\/uploads\/2020\/08\/Guadalupe-Diaz-Pantoja.png","jetpack_sharing_enabled":true,"_links":{"self":[{"href":"https:\/\/zonaroja.com.mx\/index.php?rest_route=\/wp\/v2\/posts\/16634","targetHints":{"allow":["GET"]}}],"collection":[{"href":"https:\/\/zonaroja.com.mx\/index.php?rest_route=\/wp\/v2\/posts"}],"about":[{"href":"https:\/\/zonaroja.com.mx\/index.php?rest_route=\/wp\/v2\/types\/post"}],"author":[{"embeddable":true,"href":"https:\/\/zonaroja.com.mx\/index.php?rest_route=\/wp\/v2\/users\/2"}],"replies":[{"embeddable":true,"href":"https:\/\/zonaroja.com.mx\/index.php?rest_route=%2Fwp%2Fv2%2Fcomments&post=16634"}],"version-history":[{"count":2,"href":"https:\/\/zonaroja.com.mx\/index.php?rest_route=\/wp\/v2\/posts\/16634\/revisions"}],"predecessor-version":[{"id":16641,"href":"https:\/\/zonaroja.com.mx\/index.php?rest_route=\/wp\/v2\/posts\/16634\/revisions\/16641"}],"wp:featuredmedia":[{"embeddable":true,"href":"https:\/\/zonaroja.com.mx\/index.php?rest_route=\/wp\/v2\/media\/16635"}],"wp:attachment":[{"href":"https:\/\/zonaroja.com.mx\/index.php?rest_route=%2Fwp%2Fv2%2Fmedia&parent=16634"}],"wp:term":[{"taxonomy":"category","embeddable":true,"href":"https:\/\/zonaroja.com.mx\/index.php?rest_route=%2Fwp%2Fv2%2Fcategories&post=16634"},{"taxonomy":"post_tag","embeddable":true,"href":"https:\/\/zonaroja.com.mx\/index.php?rest_route=%2Fwp%2Fv2%2Ftags&post=16634"}],"curies":[{"name":"wp","href":"https:\/\/api.w.org\/{rel}","templated":true}]}}