{"id":16637,"date":"2020-08-22T15:03:21","date_gmt":"2020-08-22T20:03:21","guid":{"rendered":"http:\/\/www.zonaroja.com.mx\/?p=16637"},"modified":"2020-08-22T15:03:29","modified_gmt":"2020-08-22T20:03:29","slug":"tras-la-violencia-sufrida-lady-tacos-de-canasta-tendra-puesto-dijo-en-cdmx","status":"publish","type":"post","link":"https:\/\/zonaroja.com.mx\/?p=16637","title":{"rendered":"Tras la violencia sufrida, \u201cLady Tacos de Canasta\u201d tendr\u00e1 puesto dijo en Cdmx"},"content":{"rendered":"\n<p>Evlin Arag\u00f3n\/Zona Roja.<\/p>\n\n\n\n<p>Oaxaca de Ju\u00e1rez, Oax., 22 de agosto de 2020.- Despu\u00e9s de haber sido v\u00edctima de uso excesivo de la fuerza p\u00fablica por parte de elementos de la polic\u00eda de la Ciudad de M\u00e9xico, Marven, muxe oaxaque\u00f1a mejor conocida como \u201cLady Tacos de Canasta\u201d, tendr\u00e1 un puesto fijo para expender sus famosos alimentos.<\/p>\n\n\n\n<p>As\u00ed lo dio a conocer a trav\u00e9s de sus redes sociales, donde indic\u00f3 que pronto estar\u00e1 compartiendo la ubicaci\u00f3n de su nuevo puesto para que la clientela acuda a degustar lo tacos de chicharr\u00f3n, papas con rajas, frijol y dem\u00e1s especialidades que realiza de forma diaria, sin dejar de nombrar la tradicional salsa verde que acompa\u00f1a los tacos de canasta.<\/p>\n\n\n\n<p>\u201cMi lucha sigue #NuestraLuchaSigue y me mantendr\u00e9 en pie para seguir trabajando honradamente, las cosas pasan por algo y estoy bendecida. Pr\u00f3ximamente nos estamos viendo en Pino Su\u00e1rez, pronto le mando mi ubicaci\u00f3n exacta para que vayan a comer de nuestra tradici\u00f3n chilanga, los espero con la canasta abierta\u201d, escribi\u00f3 en sus redes sociales.&nbsp;<\/p>\n\n\n\n<p>Y es que fue el pasado jueves por la tarde que elementos de la polic\u00eda de la Ciudad de M\u00e9xico le decomisaron su mercanc\u00eda y su bicicleta con la que desde hace a\u00f1os recorre las principales calles de la capital del pa\u00eds para vender sus ya tradicionales tacos de canasta y con ello tener un sustento para vivir.&nbsp;<\/p>\n\n\n\n<p>La imagen de tacos tirados en la plancha del z\u00f3calo capitalino y ella vestida con su traje t\u00edpico del Istmo de Tehuantepec, protestando por el exceso de fuerza por parte de elemento de la polic\u00eda, se hizo viral, al punto que la autoridad tuvo que recular, pagarle su mercanc\u00eda y ofrecerle un lugar fijo para seguir vendiendo.<\/p>\n\n\n\n<p>\u201cBueno d\u00edas, gracias a todo por sus muestras inmensa de cari\u00f1o, mi coraz\u00f3n se siente feliz de saber que cuento con mucha gente #EstoyImpactada. Quiero agradecer a Adriana Contreras Vera, directora general de Gobierno, y Lupita collado, porque la bicicleta se recuper\u00f3, me pagaron los tacos y me dieron un lugar para vender d\u00f3nde nadie me va a quitar ah\u00ed en Pino Su\u00e1rez\u201d, refiri\u00f3.&nbsp;<\/p>\n\n\n\n<p>Pese al agradecimiento, lament\u00f3 que en estos momentos las personas que trabajan de forma honrada &#8211;a\u00fan en la informalidad&#8211; y que salen todos los d\u00edas a ganarse el sustento, est\u00e9n siendo violentadas por el gobierno de Claudia Sheinbaum, que deber\u00eda estar m\u00e1s concentrado en atacar a la delincuencia.\u00a0<\/p>\n\n\n\n<figure class=\"wp-block-embed-twitter wp-block-embed is-type-rich is-provider-twitter\"><div class=\"wp-block-embed__wrapper\">\n<div class=\"twitter-tweet\"><blockquote class=\"twitter-tweet\" data-lang=\"es\"><p lang=\"es\" dir=\"ltr\">El muxe oaxaque\u00f1o <a href=\"https:\/\/twitter.com\/hashtag\/LadyTacosDeCanasta?src=hash&amp;ref_src=twsrc%5Etfw\">#LadyTacosDeCanasta<\/a> finalmente logr\u00f3 recuperar ayer su bicicleta, tras un agresivo operativo por parte de polic\u00edas de la Ciudad de <a href=\"https:\/\/twitter.com\/hashtag\/M%C3%A9xico?src=hash&amp;ref_src=twsrc%5Etfw\">#M\u00e9xico<\/a> en contra del comercio informal; los elementos fueron cesados temporalmente para ser investigados. <a href=\"https:\/\/t.co\/ckKQXCHkwx\">pic.twitter.com\/ckKQXCHkwx<\/a><\/p>&mdash; Zona Roja Oaxaca (@MexRoja) <a href=\"https:\/\/twitter.com\/MexRoja\/status\/1296789085298794496?ref_src=twsrc%5Etfw\">21 de agosto de 2020<\/a><\/blockquote><\/div>\n<\/div><\/figure>\n\n\n\n<p>\u201cNosotros trabajamos de manera honrada, salimos a las calles a buscar sustento no a delinquir y la agresividad de las autoridades nos deja en claro que aqu\u00ed en M\u00e9xico uno tiene que ser ratero para que te dejen ser y no se vale\u201d, manifest\u00f3.&nbsp;<\/p>\n\n\n\n<p>Originaria del valle de Etla, desde hace muchos a\u00f1os radica en la Ciudad de M\u00e9xico, donde se ha dedicado a trabajar vendiendo uno de los platillos capitalinos m\u00e1s conocidos.<\/p>\n\n\n\n<p>Su buen coraz\u00f3n, entusiasmo y por supuesto su personalidad, la han convertido en todo un personaje, incluso una celebridad al aparecer en videos y documentales.&nbsp;<\/p>\n\n\n\n<p>Decenas de personas refieren en las redes sociales haber sido apoyadas en alg\u00fan momento de sus vidas por \u201cLady Tacos de Canasta\u201d, por lo que no dudaron en difundir la agresi\u00f3n de la que fue v\u00edctima y exigir a las autoridades la reparaci\u00f3n del da\u00f1o.&nbsp;<\/p>\n\n\n\n<p>As\u00ed es que, en unos d\u00edas sus tradicionales tacos dejaran de recorrer las calles para instalarse de manera fija en un solo lugar y aunque su situaci\u00f3n se solucion\u00f3 debido a la presi\u00f3n social, hay decenas de personas que est\u00e1n siendo retiradas de forma violenta de las calles, en medio de una pandemia que ha profundizado a\u00fan m\u00e1s la econom\u00eda del pa\u00eds.&nbsp;<\/p>\n","protected":false},"excerpt":{"rendered":"<p>Evlin Arag\u00f3n\/Zona Roja. Oaxaca de Ju\u00e1rez, Oax., 22 de agosto de 2020.- Despu\u00e9s de haber&hellip;<\/p>\n","protected":false},"author":2,"featured_media":16638,"comment_status":"closed","ping_status":"open","sticky":false,"template":"","format":"standard","meta":{"_lmt_disableupdate":"","_lmt_disable":"","_jetpack_memberships_contains_paid_content":false,"footnotes":""},"categories":[109,47],"tags":[1947],"class_list":["post-16637","post","type-post","status-publish","format-standard","has-post-thumbnail","hentry","category-minuto-a-minuto","category-zona-gris","tag-marven-lady-tacos-de-canasta"],"jetpack_featured_media_url":"https:\/\/zonaroja.com.mx\/wp-content\/uploads\/2020\/08\/Lady-Tacos-de-Canasta.jpg","jetpack_sharing_enabled":true,"_links":{"self":[{"href":"https:\/\/zonaroja.com.mx\/index.php?rest_route=\/wp\/v2\/posts\/16637","targetHints":{"allow":["GET"]}}],"collection":[{"href":"https:\/\/zonaroja.com.mx\/index.php?rest_route=\/wp\/v2\/posts"}],"about":[{"href":"https:\/\/zonaroja.com.mx\/index.php?rest_route=\/wp\/v2\/types\/post"}],"author":[{"embeddable":true,"href":"https:\/\/zonaroja.com.mx\/index.php?rest_route=\/wp\/v2\/users\/2"}],"replies":[{"embeddable":true,"href":"https:\/\/zonaroja.com.mx\/index.php?rest_route=%2Fwp%2Fv2%2Fcomments&post=16637"}],"version-history":[{"count":1,"href":"https:\/\/zonaroja.com.mx\/index.php?rest_route=\/wp\/v2\/posts\/16637\/revisions"}],"predecessor-version":[{"id":16639,"href":"https:\/\/zonaroja.com.mx\/index.php?rest_route=\/wp\/v2\/posts\/16637\/revisions\/16639"}],"wp:featuredmedia":[{"embeddable":true,"href":"https:\/\/zonaroja.com.mx\/index.php?rest_route=\/wp\/v2\/media\/16638"}],"wp:attachment":[{"href":"https:\/\/zonaroja.com.mx\/index.php?rest_route=%2Fwp%2Fv2%2Fmedia&parent=16637"}],"wp:term":[{"taxonomy":"category","embeddable":true,"href":"https:\/\/zonaroja.com.mx\/index.php?rest_route=%2Fwp%2Fv2%2Fcategories&post=16637"},{"taxonomy":"post_tag","embeddable":true,"href":"https:\/\/zonaroja.com.mx\/index.php?rest_route=%2Fwp%2Fv2%2Ftags&post=16637"}],"curies":[{"name":"wp","href":"https:\/\/api.w.org\/{rel}","templated":true}]}}