{"id":16642,"date":"2020-08-22T20:45:46","date_gmt":"2020-08-23T01:45:46","guid":{"rendered":"http:\/\/www.zonaroja.com.mx\/?p=16642"},"modified":"2020-08-22T20:45:49","modified_gmt":"2020-08-23T01:45:49","slug":"padre-e-hijo-desaparecieron-hace-una-semana-hoy-los-hallaron-ejecutados","status":"publish","type":"post","link":"https:\/\/zonaroja.com.mx\/?p=16642","title":{"rendered":"Padre e hijo desaparecieron hace una semana; hoy los hallaron ejecutados"},"content":{"rendered":"\n<p>Redacci\u00f3n\/Zona Roja.<\/p>\n\n\n\n<p>Oaxaca de Ju\u00e1rez, Oax., 22 de agosto de 2020.- Un padre y su hijo que se hallaban desaparecidos desde el pasado 15 de agosto en la regi\u00f3n del Istmo de Tehuantepec, fueron localizados hoy.<\/p>\n\n\n\n<p>Los cuerpos se encontraban con huellas de tortura y signos de ejecuci\u00f3n con disparos de arma de fuego; se hallaron cerca del puente \u201cNovillero\u201d de la carretera Panamericana, entre San Pedro Tapanatepec y Santo Domingo Zanatepec.<\/p>\n\n\n\n<p>Fueron identificados como Audifaz M. M. y su hijo Henry M. L., este de 17 a\u00f1os de edad, originarios del municipio de Chahuites, donde fueron vistos por \u00faltima vez hace ocho d\u00edas.<\/p>\n\n\n\n<p>Hasta el momento se desconoce el m\u00f3vil y la Fiscal\u00eda General del Estado de Oaxaca inici\u00f3 las indagatorias correspondientes.<\/p>\n","protected":false},"excerpt":{"rendered":"<p>Redacci\u00f3n\/Zona Roja. Oaxaca de Ju\u00e1rez, Oax., 22 de agosto de 2020.- Un padre y su&hellip;<\/p>\n","protected":false},"author":2,"featured_media":7486,"comment_status":"closed","ping_status":"open","sticky":false,"template":"","format":"standard","meta":{"_lmt_disableupdate":"","_lmt_disable":"","_jetpack_memberships_contains_paid_content":false,"footnotes":""},"categories":[109,51],"tags":[1212,206],"class_list":["post-16642","post","type-post","status-publish","format-standard","has-post-thumbnail","hentry","category-minuto-a-minuto","category-zona-roja","tag-chahuites","tag-san-pedro-tapanatepec"],"jetpack_featured_media_url":"https:\/\/zonaroja.com.mx\/wp-content\/uploads\/2020\/01\/Escena-del-crimen7.jpg","jetpack_sharing_enabled":true,"_links":{"self":[{"href":"https:\/\/zonaroja.com.mx\/index.php?rest_route=\/wp\/v2\/posts\/16642","targetHints":{"allow":["GET"]}}],"collection":[{"href":"https:\/\/zonaroja.com.mx\/index.php?rest_route=\/wp\/v2\/posts"}],"about":[{"href":"https:\/\/zonaroja.com.mx\/index.php?rest_route=\/wp\/v2\/types\/post"}],"author":[{"embeddable":true,"href":"https:\/\/zonaroja.com.mx\/index.php?rest_route=\/wp\/v2\/users\/2"}],"replies":[{"embeddable":true,"href":"https:\/\/zonaroja.com.mx\/index.php?rest_route=%2Fwp%2Fv2%2Fcomments&post=16642"}],"version-history":[{"count":1,"href":"https:\/\/zonaroja.com.mx\/index.php?rest_route=\/wp\/v2\/posts\/16642\/revisions"}],"predecessor-version":[{"id":16643,"href":"https:\/\/zonaroja.com.mx\/index.php?rest_route=\/wp\/v2\/posts\/16642\/revisions\/16643"}],"wp:featuredmedia":[{"embeddable":true,"href":"https:\/\/zonaroja.com.mx\/index.php?rest_route=\/wp\/v2\/media\/7486"}],"wp:attachment":[{"href":"https:\/\/zonaroja.com.mx\/index.php?rest_route=%2Fwp%2Fv2%2Fmedia&parent=16642"}],"wp:term":[{"taxonomy":"category","embeddable":true,"href":"https:\/\/zonaroja.com.mx\/index.php?rest_route=%2Fwp%2Fv2%2Fcategories&post=16642"},{"taxonomy":"post_tag","embeddable":true,"href":"https:\/\/zonaroja.com.mx\/index.php?rest_route=%2Fwp%2Fv2%2Ftags&post=16642"}],"curies":[{"name":"wp","href":"https:\/\/api.w.org\/{rel}","templated":true}]}}