{"id":16644,"date":"2020-08-22T21:02:31","date_gmt":"2020-08-23T02:02:31","guid":{"rendered":"http:\/\/www.zonaroja.com.mx\/?p=16644"},"modified":"2020-08-22T21:03:46","modified_gmt":"2020-08-23T02:03:46","slug":"pide-la-uabjo-denunciar-venta-de-espacios-para-ingresar-a-estudiar","status":"publish","type":"post","link":"https:\/\/zonaroja.com.mx\/?p=16644","title":{"rendered":"Pide la UABJO denunciar venta de espacios para ingresar a estudiar"},"content":{"rendered":"\n<p>Redacci\u00f3n\/Zona Roja.<\/p>\n\n\n\n<p>Oaxaca de Ju\u00e1rez, Oax., 22 de agosto de 2020.- El rector de la Universidad Aut\u00f3noma \u201cBenito Ju\u00e1rez\u201d de Oaxaca (UABJO), Eduardo Bautista Mart\u00ednez, reiter\u00f3 que la \u00fanica forma de ingresar a cualquiera de las 35 licenciaturas que se ofertan, es mediante el examen de admisi\u00f3n.<\/p>\n\n\n\n<p>Hizo un llamado a la comunidad de aspirantes, a los padres y madres de familia para que no se dejen enga\u00f1ar por terceras personas, grupos o redes sociales, que promueven la venta de espacios y que s\u00f3lo buscan su beneficio personal.<\/p>\n\n\n\n<p>Agreg\u00f3, que el tr\u00e1fico de espacios para ingresar a la Universidad, es un delito y deben denunciarlo, no es adecuado recurrir a personas que se hacen pasar por intermediarios y traten de hacer cobros que la instituci\u00f3n desconoce totalmente.<\/p>\n\n\n\n<p>Hizo la invitaci\u00f3n para sumarse a la campa\u00f1a \u00a1No te dejes sorprender!, que busca combatir estos actos ilegales de extorsi\u00f3n y fraude. \u00a1No seas v\u00edctima ni c\u00f3mplice!<\/p>\n\n\n\n<p>Inform\u00f3 que la instituci\u00f3n tiene coordinaci\u00f3n directa con la Fiscal\u00eda General del Estado de Oaxaca (FGEO) para atender las denuncias y pueden llamar de manera an\u00f3nima al 01 800 00 77 628 o al 951 5010 486 o por internet al correo electr\u00f3nico: contacto.fiscalia@fge.oaxaca.gob.mx, o en el buz\u00f3n oficial de la Universidad en www.admision.uabjo.mx\/denuncia.<\/p>\n\n\n\n<p>As\u00ed tambi\u00e9n, recomend\u00f3 a las y los aspirantes que por alguna raz\u00f3n no pudieron participar en el proceso de admisi\u00f3n y busquen su ingreso, se acerquen directamente a las escuelas, facultades o institutos de su elecci\u00f3n, o a la Direcci\u00f3n de Evaluaci\u00f3n Educativa, al correo: direccionevaluacion@uabjo.mx o escribir a la p\u00e1gina de Facebook: Comunicaci\u00f3n Social UABJO, sin intermediarios.<\/p>\n\n\n\n<p>\u201cEs falso que no haya lugares, s\u00ed hay licenciaturas con sobredemanda, pero tenemos otras donde hay espacios\u201d, afirm\u00f3.<\/p>\n\n\n\n<p>Explic\u00f3 que la primera etapa de admisi\u00f3n, concluy\u00f3 el 15 de agosto para 18 licenciaturas y se desarroll\u00f3 en l\u00ednea a trav\u00e9s de un examen diagn\u00f3stico.<\/p>\n\n\n\n<p>Y en algunas de ellas a\u00fan hay cupo, como son: Computaci\u00f3n, F\u00edsica, Matem\u00e1ticas, Biolog\u00eda, Administraci\u00f3n, Ingenier\u00eda e Innovaci\u00f3n Tecnol\u00f3gica, Ense\u00f1anza de Idiomas Semiescolarizada, Administraci\u00f3n P\u00fablica y Gesti\u00f3n Municipal.<\/p>\n\n\n\n<p>As\u00ed tambi\u00e9n: Contadur\u00eda P\u00fablica, Turismo y Desarrollo Sustentable, Derecho y Ciencias Sociales, Econom\u00eda Escolarizada, Antropolog\u00eda, Econom\u00eda en su modalidad abierta y Ense\u00f1anza de Idiomas Escolarizada en los campus de Puerto Escondido y Tehuantepec.<\/p>\n\n\n\n<p>La segunda etapa, se desarrollar\u00e1 tambi\u00e9n en l\u00ednea del 28 de agosto al 5 de septiembre para las otras 17 licenciaturas y cualquier duda, consultar la p\u00e1gina <a href=\"http:\/\/www.admision.uabjo.mx\">www.admision.uabjo.mx<\/a>.<\/p>\n","protected":false},"excerpt":{"rendered":"<p>Redacci\u00f3n\/Zona Roja. Oaxaca de Ju\u00e1rez, Oax., 22 de agosto de 2020.- El rector de la&hellip;<\/p>\n","protected":false},"author":2,"featured_media":16645,"comment_status":"closed","ping_status":"open","sticky":false,"template":"","format":"standard","meta":{"_lmt_disableupdate":"","_lmt_disable":"","_jetpack_memberships_contains_paid_content":false,"footnotes":""},"categories":[109,46],"tags":[360,282],"class_list":["post-16644","post","type-post","status-publish","format-standard","has-post-thumbnail","hentry","category-minuto-a-minuto","category-zona-blanca","tag-rector-eduardo-bautista-martinez","tag-universidad-autonoma-benito-juarez-de-oaxaca"],"jetpack_featured_media_url":"https:\/\/zonaroja.com.mx\/wp-content\/uploads\/2020\/08\/Rector-Eduardo-Bautista-scaled.jpg","jetpack_sharing_enabled":true,"_links":{"self":[{"href":"https:\/\/zonaroja.com.mx\/index.php?rest_route=\/wp\/v2\/posts\/16644","targetHints":{"allow":["GET"]}}],"collection":[{"href":"https:\/\/zonaroja.com.mx\/index.php?rest_route=\/wp\/v2\/posts"}],"about":[{"href":"https:\/\/zonaroja.com.mx\/index.php?rest_route=\/wp\/v2\/types\/post"}],"author":[{"embeddable":true,"href":"https:\/\/zonaroja.com.mx\/index.php?rest_route=\/wp\/v2\/users\/2"}],"replies":[{"embeddable":true,"href":"https:\/\/zonaroja.com.mx\/index.php?rest_route=%2Fwp%2Fv2%2Fcomments&post=16644"}],"version-history":[{"count":1,"href":"https:\/\/zonaroja.com.mx\/index.php?rest_route=\/wp\/v2\/posts\/16644\/revisions"}],"predecessor-version":[{"id":16647,"href":"https:\/\/zonaroja.com.mx\/index.php?rest_route=\/wp\/v2\/posts\/16644\/revisions\/16647"}],"wp:featuredmedia":[{"embeddable":true,"href":"https:\/\/zonaroja.com.mx\/index.php?rest_route=\/wp\/v2\/media\/16645"}],"wp:attachment":[{"href":"https:\/\/zonaroja.com.mx\/index.php?rest_route=%2Fwp%2Fv2%2Fmedia&parent=16644"}],"wp:term":[{"taxonomy":"category","embeddable":true,"href":"https:\/\/zonaroja.com.mx\/index.php?rest_route=%2Fwp%2Fv2%2Fcategories&post=16644"},{"taxonomy":"post_tag","embeddable":true,"href":"https:\/\/zonaroja.com.mx\/index.php?rest_route=%2Fwp%2Fv2%2Ftags&post=16644"}],"curies":[{"name":"wp","href":"https:\/\/api.w.org\/{rel}","templated":true}]}}