{"id":1665,"date":"2019-06-17T15:30:51","date_gmt":"2019-06-17T20:30:51","guid":{"rendered":"http:\/\/www.zonaroja.com.mx\/?p=1665"},"modified":"2019-06-17T15:30:53","modified_gmt":"2019-06-17T20:30:53","slug":"enesima-omision-de-fiscalia-4-anos-sin-sentencia-a-detenido-por-feminicidio","status":"publish","type":"post","link":"https:\/\/zonaroja.com.mx\/?p=1665","title":{"rendered":"En\u00e9sima omisi\u00f3n de Fiscal\u00eda: 4 a\u00f1os sin sentencia a detenido por feminicidio"},"content":{"rendered":"\n<p>Redacci\u00f3n<\/p>\n\n\n\n<p>Oaxaca de Ju\u00e1rez, Oax., 17 de junio de 2019.- A un mes de cumplirse cinco a\u00f1os del feminicidio de Rosal\u00eda Garc\u00eda Garc\u00eda, perpetrado en Santa Cruz Xoxocotl\u00e1n, uno de los probables responsables lleva un lustro detenido, sin ser sentenciado.<\/p>\n\n\n\n<p>Seg\u00fan obra\nen el Juzgado Quinto de lo Penal dentro del expediente 38\/2015 Rosal\u00eda, a uno\nde los implicados, Jos\u00e9 Ram\u00f3n B.P, le fue ejecutada orden de aprehensi\u00f3n en el\nmismo a\u00f1o de la agresi\u00f3n, sin embargo, hasta la fecha no ha sido sentenciado\npese a que ha negado defensa a favor.<\/p>\n\n\n\n<p>El crimen\ncontra la ama de casa se registr\u00f3 la noche del martes 22 de julio de 2014 en la\ncolonia La Soledad, del municipio de Santa Cruz Xoxocotl\u00e1n. Hasta el negocio de\nabarrotes llegaron dos sujetos vestidos de negro quienes le dispararon en\nreiteradas ocasiones, luego de que ella se negara a venderles cerveza.<\/p>\n\n\n\n<p>Tras ello\nfue llevada gravemente herida al Hospital Regional de Alta Especialidad, donde\ncuatro d\u00edas despu\u00e9s perdi\u00f3 la vida.<\/p>\n\n\n\n<p>En un\ncomunicado, la fracci\u00f3n del Partido Morena expuso que a la fecha, la Fiscal\u00eda\nGeneral del Estado no ha reportado avances en la investigaci\u00f3n que derive en la\ndetenci\u00f3n o ubicaci\u00f3n del otro implicado, \u201csituaci\u00f3n que ha derivado en la impunidad\nde la agresi\u00f3n\u201d.<\/p>\n\n\n\n<p>El pasado\nlunes 10 de junio, Ver\u00f3nica R.G fue electa diputada infantil por la 64\nLegislatura local de Oaxaca; en tribuna aprovech\u00f3 para denunciar la impunidad\nque existe por el feminicidio de su mam\u00e1:<\/p>\n\n\n\n<p>\u201cSon criminales los que mataron a mam\u00e1 y los que hoy, cinco a\u00f1os despu\u00e9s, esconden la cara para otorgarnos justicia\u201d, se\u00f1al\u00f3.<\/p>\n\n\n\n<p>Video:<\/p>\n\n\n\n<figure class=\"wp-block-embed-twitter wp-block-embed is-type-rich is-provider-twitter\"><div class=\"wp-block-embed__wrapper\">\n<div class=\"twitter-tweet\"><blockquote class=\"twitter-tweet\" data-lang=\"es\"><p lang=\"es\" dir=\"ltr\"><a href=\"https:\/\/twitter.com\/hashtag\/Feminicidio?src=hash&amp;ref_src=twsrc%5Etfw\">#Feminicidio<\/a> <a href=\"https:\/\/twitter.com\/hashtag\/OaxacaRojo?src=hash&amp;ref_src=twsrc%5Etfw\">#OaxacaRojo<\/a> <a href=\"https:\/\/twitter.com\/hashtag\/Impunidad?src=hash&amp;ref_src=twsrc%5Etfw\">#Impunidad<\/a><br>\u00bfQue pidi\u00f3 la diputada infantil Ver\u00f3nica al <a href=\"https:\/\/twitter.com\/GobOax?ref_src=twsrc%5Etfw\">@GobOax<\/a> <a href=\"https:\/\/twitter.com\/FISCALIA_GobOax?ref_src=twsrc%5Etfw\">@FISCALIA_GobOax<\/a> <a href=\"https:\/\/twitter.com\/SMO_GobOax?ref_src=twsrc%5Etfw\">@SMO_GobOax<\/a>? Aqu\u00ed parte del video, que public\u00f3 <a href=\"https:\/\/twitter.com\/Magaly_LopezOax?ref_src=twsrc%5Etfw\">@Magaly_LopezOax<\/a>: <a href=\"https:\/\/t.co\/tEzi6ilx1N\">pic.twitter.com\/tEzi6ilx1N<\/a><\/p>&mdash; Zona Roja Oaxaca (@MexRoja) <a href=\"https:\/\/twitter.com\/MexRoja\/status\/1139023280487174144?ref_src=twsrc%5Etfw\">13 de junio de 2019<\/a><\/blockquote><\/div>\n<\/div><\/figure>\n","protected":false},"excerpt":{"rendered":"<p>Redacci\u00f3n Oaxaca de Ju\u00e1rez, Oax., 17 de junio de 2019.- A un mes de cumplirse&hellip;<\/p>\n","protected":false},"author":2,"featured_media":1666,"comment_status":"closed","ping_status":"open","sticky":false,"template":"","format":"standard","meta":{"_lmt_disableupdate":"","_lmt_disable":"","_jetpack_memberships_contains_paid_content":false,"footnotes":""},"categories":[109,1,51],"tags":[96,60,58,138,133],"class_list":["post-1665","post","type-post","status-publish","format-standard","has-post-thumbnail","hentry","category-minuto-a-minuto","category-sin-categoria","category-zona-roja","tag-diputada-infantil","tag-feminicidio","tag-oaxaca","tag-rosalia-garcia","tag-santa-cruz-xoxocotlan"],"jetpack_featured_media_url":"https:\/\/zonaroja.com.mx\/wp-content\/uploads\/2019\/06\/Rosal\u00eda-Garc\u00eda-Xoxo.jpg","jetpack_sharing_enabled":true,"_links":{"self":[{"href":"https:\/\/zonaroja.com.mx\/index.php?rest_route=\/wp\/v2\/posts\/1665","targetHints":{"allow":["GET"]}}],"collection":[{"href":"https:\/\/zonaroja.com.mx\/index.php?rest_route=\/wp\/v2\/posts"}],"about":[{"href":"https:\/\/zonaroja.com.mx\/index.php?rest_route=\/wp\/v2\/types\/post"}],"author":[{"embeddable":true,"href":"https:\/\/zonaroja.com.mx\/index.php?rest_route=\/wp\/v2\/users\/2"}],"replies":[{"embeddable":true,"href":"https:\/\/zonaroja.com.mx\/index.php?rest_route=%2Fwp%2Fv2%2Fcomments&post=1665"}],"version-history":[{"count":2,"href":"https:\/\/zonaroja.com.mx\/index.php?rest_route=\/wp\/v2\/posts\/1665\/revisions"}],"predecessor-version":[{"id":1668,"href":"https:\/\/zonaroja.com.mx\/index.php?rest_route=\/wp\/v2\/posts\/1665\/revisions\/1668"}],"wp:featuredmedia":[{"embeddable":true,"href":"https:\/\/zonaroja.com.mx\/index.php?rest_route=\/wp\/v2\/media\/1666"}],"wp:attachment":[{"href":"https:\/\/zonaroja.com.mx\/index.php?rest_route=%2Fwp%2Fv2%2Fmedia&parent=1665"}],"wp:term":[{"taxonomy":"category","embeddable":true,"href":"https:\/\/zonaroja.com.mx\/index.php?rest_route=%2Fwp%2Fv2%2Fcategories&post=1665"},{"taxonomy":"post_tag","embeddable":true,"href":"https:\/\/zonaroja.com.mx\/index.php?rest_route=%2Fwp%2Fv2%2Ftags&post=1665"}],"curies":[{"name":"wp","href":"https:\/\/api.w.org\/{rel}","templated":true}]}}