{"id":16651,"date":"2020-08-23T10:00:47","date_gmt":"2020-08-23T15:00:47","guid":{"rendered":"http:\/\/www.zonaroja.com.mx\/?p=16651"},"modified":"2020-08-22T21:20:10","modified_gmt":"2020-08-23T02:20:10","slug":"demanda-diputada-a-fgo-celeridad-e-investigaciones-en-caso-maria-elena","status":"publish","type":"post","link":"https:\/\/zonaroja.com.mx\/?p=16651","title":{"rendered":"Demanda diputada a FGO celeridad e investigaciones en caso Mar\u00eda Elena"},"content":{"rendered":"\n<p>Yuridiana Sosa\/Zona Roja.<\/p>\n\n\n\n<p>Oaxaca de Ju\u00e1rez, Oax., 23 de agosto de 2020.- A m\u00e1s de cinco meses que vincularon a proceso a Juan Antonio V. C. por tentativa de feminicidio contra la saxofonista Mar\u00eda Elena R\u00edos, la diputada Hilda P\u00e9rez Luis urgi\u00f3 a la Fiscal\u00eda General de Oaxaca a garantizar la justicia en este caso.<\/p>\n\n\n\n<p>La legisladora del Partido Morena presion\u00f3 desde tribuna, en reciente sesi\u00f3n del Congreso, a la Fiscal\u00eda para que se realicen investigaciones contundentes que muestren las responsabilidades de los atacantes de la saxofonista agredida con \u00e1cido el 9 de septiembre de 2019.<\/p>\n\n\n\n<p>P\u00e9rez Luis present\u00f3 un dictamen para que desde las comisiones correspondientes se emita el exhorto a la Fiscal\u00eda de Oaxaca que encabeza Rub\u00e9n Vasconcelos antes que pudiera terminar el periodo de investigaci\u00f3n complementaria a inicios de septiembre.<\/p>\n\n\n\n<p>\u201cPara las y los legisladores de Oaxaca no ha quedado en el olvido la agresi\u00f3n que sufri\u00f3 la joven Mar\u00eda Elena R\u00edos Ortiz\u201d, sentenci\u00f3 Hilda P\u00e9rez en su intervenci\u00f3n.<\/p>\n\n\n\n<p>As\u00ed tambi\u00e9n demand\u00f3 a la Fiscal\u00eda que, en las investigaciones del caso, del que hay dos detenidos y uno de ellos es el ex diputado del PRI Juan Antonio V. C. como uno de dos autores intelectuales, se indique el grado de participaci\u00f3n de cada persona implicada.<\/p>\n\n\n\n<p>Exhort\u00f3 a los agentes encargados de la investigaci\u00f3n a que implementen los mecanismos necesarios para descartar vicios y evitar \u201ccabos sueltos\u201d que concedan la liberaci\u00f3n o deslinde de responsabilidades de los implicados se\u00f1alados por la misma v\u00edctima.<\/p>\n\n\n\n<p>Tambi\u00e9n llam\u00f3 al Tribunal Superior de Justicia del Estado a conducirse apegado a derecho, imparcialidad y eficacia en la aplicaci\u00f3n de la justicia, para que el delito de Mar\u00eda Elena no quede impune.<\/p>\n","protected":false},"excerpt":{"rendered":"<p>Yuridiana Sosa\/Zona Roja. Oaxaca de Ju\u00e1rez, Oax., 23 de agosto de 2020.- A m\u00e1s de&hellip;<\/p>\n","protected":false},"author":2,"featured_media":16652,"comment_status":"closed","ping_status":"open","sticky":false,"template":"","format":"standard","meta":{"_lmt_disableupdate":"","_lmt_disable":"","_jetpack_memberships_contains_paid_content":false,"footnotes":""},"categories":[109,47],"tags":[1144,1124],"class_list":["post-16651","post","type-post","status-publish","format-standard","has-post-thumbnail","hentry","category-minuto-a-minuto","category-zona-gris","tag-juan-antonio-vera-carrizal","tag-maria-elena-rios-ortiz"],"jetpack_featured_media_url":"https:\/\/zonaroja.com.mx\/wp-content\/uploads\/2020\/08\/Hilda-Graciela-Luis.jpg","jetpack_sharing_enabled":true,"_links":{"self":[{"href":"https:\/\/zonaroja.com.mx\/index.php?rest_route=\/wp\/v2\/posts\/16651","targetHints":{"allow":["GET"]}}],"collection":[{"href":"https:\/\/zonaroja.com.mx\/index.php?rest_route=\/wp\/v2\/posts"}],"about":[{"href":"https:\/\/zonaroja.com.mx\/index.php?rest_route=\/wp\/v2\/types\/post"}],"author":[{"embeddable":true,"href":"https:\/\/zonaroja.com.mx\/index.php?rest_route=\/wp\/v2\/users\/2"}],"replies":[{"embeddable":true,"href":"https:\/\/zonaroja.com.mx\/index.php?rest_route=%2Fwp%2Fv2%2Fcomments&post=16651"}],"version-history":[{"count":1,"href":"https:\/\/zonaroja.com.mx\/index.php?rest_route=\/wp\/v2\/posts\/16651\/revisions"}],"predecessor-version":[{"id":16653,"href":"https:\/\/zonaroja.com.mx\/index.php?rest_route=\/wp\/v2\/posts\/16651\/revisions\/16653"}],"wp:featuredmedia":[{"embeddable":true,"href":"https:\/\/zonaroja.com.mx\/index.php?rest_route=\/wp\/v2\/media\/16652"}],"wp:attachment":[{"href":"https:\/\/zonaroja.com.mx\/index.php?rest_route=%2Fwp%2Fv2%2Fmedia&parent=16651"}],"wp:term":[{"taxonomy":"category","embeddable":true,"href":"https:\/\/zonaroja.com.mx\/index.php?rest_route=%2Fwp%2Fv2%2Fcategories&post=16651"},{"taxonomy":"post_tag","embeddable":true,"href":"https:\/\/zonaroja.com.mx\/index.php?rest_route=%2Fwp%2Fv2%2Ftags&post=16651"}],"curies":[{"name":"wp","href":"https:\/\/api.w.org\/{rel}","templated":true}]}}