{"id":16659,"date":"2020-08-23T07:35:21","date_gmt":"2020-08-23T12:35:21","guid":{"rendered":"http:\/\/www.zonaroja.com.mx\/?p=16659"},"modified":"2020-08-23T07:35:25","modified_gmt":"2020-08-23T12:35:25","slug":"llegaria-mexico-a-130-mil-muertos-por-covid-19-en-diciembre","status":"publish","type":"post","link":"https:\/\/zonaroja.com.mx\/?p=16659","title":{"rendered":"Llegar\u00eda M\u00e9xico a 130 mil muertos por Covid-19 en diciembre"},"content":{"rendered":"\n<p>Redacci\u00f3n\/Zona Roja Cdmx.<\/p>\n\n\n\n<p>Ciudad de M\u00e9xico, 23 de agosto de 2020.- Al coronavirus le tom\u00f3 m\u00e1s de cinco meses rebasar las 60 mil v\u00edctimas en M\u00e9xico, pero la cifra podr\u00eda duplicarse en los pr\u00f3ximos 100 d\u00edas.<\/p>\n\n\n\n<p>Seg\u00fan informaci\u00f3n del diario \u201cExcelsior\u201d, de mantenerse el ritmo de propagaci\u00f3n de coronavirus y las medidas de prevenci\u00f3n vigentes, el pr\u00f3ximo 1 de diciembre, en M\u00e9xico el n\u00famero de muertos por covid-19 se elevar\u00eda a 130 mil 387, de acuerdo con la proyecci\u00f3n de la Universidad de Washington.<\/p>\n\n\n\n<p>En la actualizaci\u00f3n que realiz\u00f3 ayer, con base en c\u00e1lculos del Instituto de M\u00e9tricas y Evaluaci\u00f3n de la Salud, mostr\u00f3 que, para esa fecha, M\u00e9xico podr\u00eda rebasar a Brasil en la tasa de mortalidad, que prev\u00e9 que sea de 94.12 por cada 100 mil habitantes para el gigante sudamericano.<\/p>\n\n\n\n<p>En un escenario peor, en el que se relaje el uso de cubrebocas, la instituci\u00f3n acad\u00e9mica advirti\u00f3 que en M\u00e9xico podr\u00edan alcanzarse 177 mil 601 defunciones por coronavirus.<\/p>\n\n\n\n<p>Sin embargo, puntualiza, si se fortalece el uso de mascarilla, el n\u00famero de decesos se prev\u00e9 ser\u00e1 de 121 mil 331.<\/p>\n\n\n\n<p>En su sitio oficial, la Universidad de Washington presenta su an\u00e1lisis e indic\u00f3 que en el pa\u00eds podr\u00eda disminuir ligeramente el n\u00famero de muertes diarias en septiembre y repuntar en noviembre.<\/p>\n\n\n\n<p>Adem\u00e1s, advirti\u00f3 que para el 1 de diciembre podr\u00edan requerirse 10 mil 412 camas en unidades de cuidados intensivos y ocho mil 982 ventiladores mec\u00e1nicos.<\/p>\n\n\n\n<p>Por su parte, la Secretar\u00eda de Salud inform\u00f3 ayer que M\u00e9xico lleg\u00f3 a 60 mil 253 decesos acumulados desde el 18 de marzo. Esto es 384 al d\u00eda, 16 por hora o uno cada 3.7 minutos, en promedio.<\/p>\n\n\n\n<p>Las muertes se han disparado mes a mes: 80 en marzo, tres mil 509 en abril, 12 mil 273 en mayo, 16 mil 964 en junio y 18 mil 335 en julio. Agosto suma nueve mil 093.<\/p>\n","protected":false},"excerpt":{"rendered":"<p>Redacci\u00f3n\/Zona Roja Cdmx. Ciudad de M\u00e9xico, 23 de agosto de 2020.- Al coronavirus le tom\u00f3&hellip;<\/p>\n","protected":false},"author":2,"featured_media":13052,"comment_status":"closed","ping_status":"open","sticky":false,"template":"","format":"standard","meta":{"_lmt_disableupdate":"","_lmt_disable":"","_jetpack_memberships_contains_paid_content":false,"footnotes":""},"categories":[109,47],"tags":[1328],"class_list":["post-16659","post","type-post","status-publish","format-standard","has-post-thumbnail","hentry","category-minuto-a-minuto","category-zona-gris","tag-coronavirus-mexico"],"jetpack_featured_media_url":"https:\/\/zonaroja.com.mx\/wp-content\/uploads\/2020\/05\/Coronavirus-M\u00e9xico-1.jpg","jetpack_sharing_enabled":true,"_links":{"self":[{"href":"https:\/\/zonaroja.com.mx\/index.php?rest_route=\/wp\/v2\/posts\/16659","targetHints":{"allow":["GET"]}}],"collection":[{"href":"https:\/\/zonaroja.com.mx\/index.php?rest_route=\/wp\/v2\/posts"}],"about":[{"href":"https:\/\/zonaroja.com.mx\/index.php?rest_route=\/wp\/v2\/types\/post"}],"author":[{"embeddable":true,"href":"https:\/\/zonaroja.com.mx\/index.php?rest_route=\/wp\/v2\/users\/2"}],"replies":[{"embeddable":true,"href":"https:\/\/zonaroja.com.mx\/index.php?rest_route=%2Fwp%2Fv2%2Fcomments&post=16659"}],"version-history":[{"count":1,"href":"https:\/\/zonaroja.com.mx\/index.php?rest_route=\/wp\/v2\/posts\/16659\/revisions"}],"predecessor-version":[{"id":16660,"href":"https:\/\/zonaroja.com.mx\/index.php?rest_route=\/wp\/v2\/posts\/16659\/revisions\/16660"}],"wp:featuredmedia":[{"embeddable":true,"href":"https:\/\/zonaroja.com.mx\/index.php?rest_route=\/wp\/v2\/media\/13052"}],"wp:attachment":[{"href":"https:\/\/zonaroja.com.mx\/index.php?rest_route=%2Fwp%2Fv2%2Fmedia&parent=16659"}],"wp:term":[{"taxonomy":"category","embeddable":true,"href":"https:\/\/zonaroja.com.mx\/index.php?rest_route=%2Fwp%2Fv2%2Fcategories&post=16659"},{"taxonomy":"post_tag","embeddable":true,"href":"https:\/\/zonaroja.com.mx\/index.php?rest_route=%2Fwp%2Fv2%2Ftags&post=16659"}],"curies":[{"name":"wp","href":"https:\/\/api.w.org\/{rel}","templated":true}]}}