{"id":16661,"date":"2020-08-23T07:53:46","date_gmt":"2020-08-23T12:53:46","guid":{"rendered":"http:\/\/www.zonaroja.com.mx\/?p=16661"},"modified":"2020-08-23T07:55:15","modified_gmt":"2020-08-23T12:55:15","slug":"en-zaachila-roban-unidad-a-taxista-y-lo-matan-a-balazos","status":"publish","type":"post","link":"https:\/\/zonaroja.com.mx\/?p=16661","title":{"rendered":"En Zaachila, roban unidad a taxista y lo matan a balazos"},"content":{"rendered":"\n<p>Redacci\u00f3n\/Zona Roja.<\/p>\n\n\n\n<p>Oaxaca de Ju\u00e1rez, Oax., 23 de agosto de 2020.- Sujetos desconocidos robaron con violencia un taxi colectivo y dispararon sus armas de fuego en contra del conductor, en los \u00faltimos minutos de anoche, en la jurisdicci\u00f3n de la agencia Vicente Guerrero de la Villa de Zaachila.<\/p>\n\n\n\n<p>Los hechos sucedieron a un costado de la v\u00eda federal 175, cuando supuestos pasajeros marcaron el alto a la unidad del sitio \u201cCampo Real\u201d, de Zaachila, con el n\u00famero econ\u00f3mico 20-036.<\/p>\n\n\n\n<p>Sin embargo, de inmediato bajaron al chofer, a\u00fan no identificado, y accionaron armas contra \u00e9l, tras lo cual huyeron con rumbo a la ciudad de Oaxaca.<\/p>\n\n\n\n<p>La v\u00edctima qued\u00f3 tendida en el suelo; sin embargo, al llegar param\u00e9dicos al lugar, en los primeros minutos de este domingo, la persona del sexo masculino ya hab\u00eda fallecido. Pese a que se realizaron operativos de b\u00fasqueda, no se hallaron a los probables delincuentes.<\/p>\n\n\n\n<p>De \u00faltima hora, se inform\u00f3 que la ma\u00f1ana de hoy fue localizado el taxi, abandonado en un campo deportivo de San Bartolo Coyotepec.<\/p>\n","protected":false},"excerpt":{"rendered":"<p>Redacci\u00f3n\/Zona Roja. Oaxaca de Ju\u00e1rez, Oax., 23 de agosto de 2020.- Sujetos desconocidos robaron con&hellip;<\/p>\n","protected":false},"author":2,"featured_media":16662,"comment_status":"closed","ping_status":"open","sticky":false,"template":"","format":"standard","meta":{"_lmt_disableupdate":"","_lmt_disable":"","_jetpack_memberships_contains_paid_content":false,"footnotes":""},"categories":[109,51],"tags":[155],"class_list":["post-16661","post","type-post","status-publish","format-standard","has-post-thumbnail","hentry","category-minuto-a-minuto","category-zona-roja","tag-villa-de-zaachila"],"jetpack_featured_media_url":"https:\/\/zonaroja.com.mx\/wp-content\/uploads\/2020\/08\/Asesinado-Vicente-Guerrero-Zaachila.jpg","jetpack_sharing_enabled":true,"_links":{"self":[{"href":"https:\/\/zonaroja.com.mx\/index.php?rest_route=\/wp\/v2\/posts\/16661","targetHints":{"allow":["GET"]}}],"collection":[{"href":"https:\/\/zonaroja.com.mx\/index.php?rest_route=\/wp\/v2\/posts"}],"about":[{"href":"https:\/\/zonaroja.com.mx\/index.php?rest_route=\/wp\/v2\/types\/post"}],"author":[{"embeddable":true,"href":"https:\/\/zonaroja.com.mx\/index.php?rest_route=\/wp\/v2\/users\/2"}],"replies":[{"embeddable":true,"href":"https:\/\/zonaroja.com.mx\/index.php?rest_route=%2Fwp%2Fv2%2Fcomments&post=16661"}],"version-history":[{"count":2,"href":"https:\/\/zonaroja.com.mx\/index.php?rest_route=\/wp\/v2\/posts\/16661\/revisions"}],"predecessor-version":[{"id":16664,"href":"https:\/\/zonaroja.com.mx\/index.php?rest_route=\/wp\/v2\/posts\/16661\/revisions\/16664"}],"wp:featuredmedia":[{"embeddable":true,"href":"https:\/\/zonaroja.com.mx\/index.php?rest_route=\/wp\/v2\/media\/16662"}],"wp:attachment":[{"href":"https:\/\/zonaroja.com.mx\/index.php?rest_route=%2Fwp%2Fv2%2Fmedia&parent=16661"}],"wp:term":[{"taxonomy":"category","embeddable":true,"href":"https:\/\/zonaroja.com.mx\/index.php?rest_route=%2Fwp%2Fv2%2Fcategories&post=16661"},{"taxonomy":"post_tag","embeddable":true,"href":"https:\/\/zonaroja.com.mx\/index.php?rest_route=%2Fwp%2Fv2%2Ftags&post=16661"}],"curies":[{"name":"wp","href":"https:\/\/api.w.org\/{rel}","templated":true}]}}