{"id":16665,"date":"2020-08-23T08:00:32","date_gmt":"2020-08-23T13:00:32","guid":{"rendered":"http:\/\/www.zonaroja.com.mx\/?p=16665"},"modified":"2020-08-23T08:00:35","modified_gmt":"2020-08-23T13:00:35","slug":"agiliza-poder-judicial-administracion-de-justicia-con-audiencias-virtuales","status":"publish","type":"post","link":"https:\/\/zonaroja.com.mx\/?p=16665","title":{"rendered":"Agiliza Poder Judicial administraci\u00f3n de justicia con audiencias virtuales"},"content":{"rendered":"\n<p>Redacci\u00f3n\/Zona Roja.<\/p>\n\n\n\n<p>Oaxaca de Ju\u00e1rez, Oax., 23 de agosto de 2020.- Con el objetivo de dar tr\u00e1mite a las apelaciones de sentencias definitivas de Primera Instancia y con apego a las disposiciones sanitarias decretadas por las autoridades federal y estatal, las Salas Penales del Tribunal Superior de Justicia del Estado implementaron la realizaci\u00f3n de audiencias virtuales de las partes.<\/p>\n\n\n\n<p>Es el caso de la Sexta Sala Penal, presidida por el magistrado Ren\u00e9 Hern\u00e1ndez Reyes e integrada por los magistrados \u00c1ngel Alejo Torres y Tito Ram\u00edrez Gonz\u00e1lez, que llev\u00f3 a cabo en esta modalidad, la audiencia p\u00fablica de alegatos aclaratorios dentro del Toca Penal n\u00famero 55\/2020 relacionado con una causa penal proveniente del Juzgado de Control de Juchit\u00e1n, por el delito de violencia familiar cometido en agravio de dos mujeres.<\/p>\n\n\n\n<p>En la videoconferencia intervinieron el abogado defensor del imputado, que fue el que interpuso el recurso de apelaci\u00f3n contra la negativa de auto de vinculaci\u00f3n a proceso dictada por un Juez de Control y el Ministerio P\u00fablico, quienes desde las salas de juicio oral en la sede del Poder Judicial del Estado, en Reyes Mantec\u00f3n, recibieron el apoyo de personal de la instituci\u00f3n para facilitar la comunicaci\u00f3n virtual.<\/p>\n\n\n\n<p>Tras escuchar los posicionamientos de las partes, con los argumentos vertidos y datos de prueba, los magistrados de la Sexta Sala Penal del Tribunal Superior de Justicia, dictaron resoluci\u00f3n al asunto.<\/p>\n\n\n\n<p>Por Acuerdo 4\/2020 del Pleno del Tribunal Superior de Justicia, se estableci\u00f3 la reanudaci\u00f3n parcial, de manera gradual y ordenada, de las actividades del Pleno y de las Salas del Tribunal Superior de Justicia del Estado, con apego a las medidas de prevenci\u00f3n ante la pandemia causada por el virus de SARS-Cov-2.<\/p>\n","protected":false},"excerpt":{"rendered":"<p>Redacci\u00f3n\/Zona Roja. Oaxaca de Ju\u00e1rez, Oax., 23 de agosto de 2020.- Con el objetivo de&hellip;<\/p>\n","protected":false},"author":2,"featured_media":16666,"comment_status":"closed","ping_status":"open","sticky":false,"template":"","format":"standard","meta":{"_lmt_disableupdate":"","_lmt_disable":"","_jetpack_memberships_contains_paid_content":false,"footnotes":""},"categories":[109,46],"tags":[223],"class_list":["post-16665","post","type-post","status-publish","format-standard","has-post-thumbnail","hentry","category-minuto-a-minuto","category-zona-blanca","tag-poder-judicial-de-oaxaca"],"jetpack_featured_media_url":"https:\/\/zonaroja.com.mx\/wp-content\/uploads\/2020\/08\/01-sala-penal.jpg","jetpack_sharing_enabled":true,"_links":{"self":[{"href":"https:\/\/zonaroja.com.mx\/index.php?rest_route=\/wp\/v2\/posts\/16665","targetHints":{"allow":["GET"]}}],"collection":[{"href":"https:\/\/zonaroja.com.mx\/index.php?rest_route=\/wp\/v2\/posts"}],"about":[{"href":"https:\/\/zonaroja.com.mx\/index.php?rest_route=\/wp\/v2\/types\/post"}],"author":[{"embeddable":true,"href":"https:\/\/zonaroja.com.mx\/index.php?rest_route=\/wp\/v2\/users\/2"}],"replies":[{"embeddable":true,"href":"https:\/\/zonaroja.com.mx\/index.php?rest_route=%2Fwp%2Fv2%2Fcomments&post=16665"}],"version-history":[{"count":1,"href":"https:\/\/zonaroja.com.mx\/index.php?rest_route=\/wp\/v2\/posts\/16665\/revisions"}],"predecessor-version":[{"id":16667,"href":"https:\/\/zonaroja.com.mx\/index.php?rest_route=\/wp\/v2\/posts\/16665\/revisions\/16667"}],"wp:featuredmedia":[{"embeddable":true,"href":"https:\/\/zonaroja.com.mx\/index.php?rest_route=\/wp\/v2\/media\/16666"}],"wp:attachment":[{"href":"https:\/\/zonaroja.com.mx\/index.php?rest_route=%2Fwp%2Fv2%2Fmedia&parent=16665"}],"wp:term":[{"taxonomy":"category","embeddable":true,"href":"https:\/\/zonaroja.com.mx\/index.php?rest_route=%2Fwp%2Fv2%2Fcategories&post=16665"},{"taxonomy":"post_tag","embeddable":true,"href":"https:\/\/zonaroja.com.mx\/index.php?rest_route=%2Fwp%2Fv2%2Ftags&post=16665"}],"curies":[{"name":"wp","href":"https:\/\/api.w.org\/{rel}","templated":true}]}}