{"id":16674,"date":"2020-08-23T17:08:43","date_gmt":"2020-08-23T22:08:43","guid":{"rendered":"http:\/\/www.zonaroja.com.mx\/?p=16674"},"modified":"2020-08-23T18:37:42","modified_gmt":"2020-08-23T23:37:42","slug":"sube-a-cinco-los-muertos-por-covid-en-casa-del-adulto-mayor-sso-rechaza-negligencia","status":"publish","type":"post","link":"https:\/\/zonaroja.com.mx\/?p=16674","title":{"rendered":"Sube a cinco los muertos por Covid en Casa del Adulto Mayor; SSO rechaza negligencia"},"content":{"rendered":"\n<p>Redacci\u00f3n\/Zona Roja.<\/p>\n\n\n\n<p>Oaxaca de Ju\u00e1rez, Oax., 23 de agosto de 2020.- A cinco ascendi\u00f3 el n\u00famero de personas de la tercera edad fallecidas en la Casa Hogar a cargo del ayuntamiento de Oaxaca de Ju\u00e1rez, v\u00edctimas del Covid-19, y hay una m\u00e1s en estado de gravedad.<\/p>\n\n\n\n<p>De acuerdo con reportes internos de las autoridades sanitarias, el brote ya fue controlado pero se mantiene una atenci\u00f3n especial en ese recinto, ubicado en la agencia de Santa Rosa Panzacola.<\/p>\n\n\n\n<p>La semana pasada, el edil de Oaxaca de Ju\u00e1rez, Oswaldo Garc\u00eda Jarqu\u00edn, inform\u00f3 de tres fallecimientos y declar\u00f3 a trav\u00e9s de un bolet\u00edn que fue por mala atenci\u00f3n en nosocomios de los Servicios de Salud de Oaxaca (SSO), por lo haberlos recibido.<\/p>\n\n\n\n<p>No obstante, el subsecretario de los SSO, Juan Carlos M\u00e1rquez Heine, rechaz\u00f3 dicha versi\u00f3n y dijo que hubo y se mantiene la atenci\u00f3n oportuna a los pacientes y a los ocupantes de la Casa Hogar, bajo responsabilidad de la autoridad municipal.<\/p>\n\n\n\n<p>Fue hace casi un mes en que se detect\u00f3 el brote en el asilo y de inmediato de los contagiados, 34 en total, 16 fueron trasladados al Hospital de la Mujer y el Ni\u00f1o Oaxaque\u00f1o, en San Bartolo Coyotepec.<\/p>\n\n\n\n<p>Expuso que por indicaciones del gobernador Alejandro Murat Hinojosa, se mantiene la atenci\u00f3n oportuna e integral a los pacientes en general, que cursan el Covid-19.<\/p>\n","protected":false},"excerpt":{"rendered":"<p>Redacci\u00f3n\/Zona Roja. Oaxaca de Ju\u00e1rez, Oax., 23 de agosto de 2020.- A cinco ascendi\u00f3 el&hellip;<\/p>\n","protected":false},"author":2,"featured_media":16188,"comment_status":"closed","ping_status":"open","sticky":false,"template":"","format":"standard","meta":{"_lmt_disableupdate":"","_lmt_disable":"","_jetpack_memberships_contains_paid_content":false,"footnotes":""},"categories":[109,47],"tags":[1925],"class_list":["post-16674","post","type-post","status-publish","format-standard","has-post-thumbnail","hentry","category-minuto-a-minuto","category-zona-gris","tag-casa-hogar-del-adulto-mayor"],"jetpack_featured_media_url":"https:\/\/zonaroja.com.mx\/wp-content\/uploads\/2020\/08\/Desinfectan-Casa-Hogar.jpeg","jetpack_sharing_enabled":true,"_links":{"self":[{"href":"https:\/\/zonaroja.com.mx\/index.php?rest_route=\/wp\/v2\/posts\/16674","targetHints":{"allow":["GET"]}}],"collection":[{"href":"https:\/\/zonaroja.com.mx\/index.php?rest_route=\/wp\/v2\/posts"}],"about":[{"href":"https:\/\/zonaroja.com.mx\/index.php?rest_route=\/wp\/v2\/types\/post"}],"author":[{"embeddable":true,"href":"https:\/\/zonaroja.com.mx\/index.php?rest_route=\/wp\/v2\/users\/2"}],"replies":[{"embeddable":true,"href":"https:\/\/zonaroja.com.mx\/index.php?rest_route=%2Fwp%2Fv2%2Fcomments&post=16674"}],"version-history":[{"count":2,"href":"https:\/\/zonaroja.com.mx\/index.php?rest_route=\/wp\/v2\/posts\/16674\/revisions"}],"predecessor-version":[{"id":16681,"href":"https:\/\/zonaroja.com.mx\/index.php?rest_route=\/wp\/v2\/posts\/16674\/revisions\/16681"}],"wp:featuredmedia":[{"embeddable":true,"href":"https:\/\/zonaroja.com.mx\/index.php?rest_route=\/wp\/v2\/media\/16188"}],"wp:attachment":[{"href":"https:\/\/zonaroja.com.mx\/index.php?rest_route=%2Fwp%2Fv2%2Fmedia&parent=16674"}],"wp:term":[{"taxonomy":"category","embeddable":true,"href":"https:\/\/zonaroja.com.mx\/index.php?rest_route=%2Fwp%2Fv2%2Fcategories&post=16674"},{"taxonomy":"post_tag","embeddable":true,"href":"https:\/\/zonaroja.com.mx\/index.php?rest_route=%2Fwp%2Fv2%2Ftags&post=16674"}],"curies":[{"name":"wp","href":"https:\/\/api.w.org\/{rel}","templated":true}]}}