{"id":16683,"date":"2020-08-23T20:01:47","date_gmt":"2020-08-24T01:01:47","guid":{"rendered":"http:\/\/www.zonaroja.com.mx\/?p=16683"},"modified":"2020-08-23T20:01:51","modified_gmt":"2020-08-24T01:01:51","slug":"seguira-oaxaca-en-semaforo-rojo-por-covid-anuncia-atencion-especial","status":"publish","type":"post","link":"https:\/\/zonaroja.com.mx\/?p=16683","title":{"rendered":"Seguir\u00e1 Oaxaca en sem\u00e1foro rojo por Covid; anuncia atenci\u00f3n especial"},"content":{"rendered":"\n<p>Redacci\u00f3n\/Zona Roja.<\/p>\n\n\n\n<p>Oaxaca de Ju\u00e1rez, Oax. 23 de agosto de 2020.- Ante la persistencia del riesgo por contagios de Covid-19, Oaxaca seguir\u00e1 en sem\u00e1foro epidemiol\u00f3gico esta semana, anunci\u00f3 el Gobierno del Estado.<\/p>\n\n\n\n<p>Asimismo, del 24 al 28 de agosto, reforzar\u00e1 acciones para atender a ocho municipios que concentran el mayor n\u00famero de casos, entre ellos la capital del estado.<\/p>\n\n\n\n<p>A trav\u00e9s de un video, el gobernador Alejandro Murat Hinojosa inform\u00f3 exhort\u00f3 a seguir con las medidas de prevenci\u00f3n contra el Covid-19, como el distanciamiento social, el lavado frecuente de manos y el uso correcto del cubrebocas, que previene en un 80 por ciento el riego de contagio.<\/p>\n\n\n\n<p>\u201cNo bajemos la guardia, estamos a la mitad del \u2018Reto 40 d\u00edas por Oaxaca\u2019; por eso debemos de seguir utilizando el cubrebocas de forma correcta, por respeto a nuestra familia, amigos, vecinos y paisanos, por ahora es una de las herramientas m\u00e1s fuertes para combatir este virus mortal\u201d, expres\u00f3 a trav\u00e9s de un video.<\/p>\n\n\n\n<figure class=\"wp-block-embed-twitter wp-block-embed is-type-rich is-provider-twitter\"><div class=\"wp-block-embed__wrapper\">\n<div class=\"twitter-tweet\"><blockquote class=\"twitter-tweet\" data-lang=\"es\"><p lang=\"es\" dir=\"ltr\">Esta semana nos mantendremos en Sem\u00e1foro Naranja; sigamos sumando esfuerzos para reducir el n\u00famero de contagios. Adem\u00e1s, del 24 al 28 de agosto, implementaremos acciones preventivas en los municipios con m\u00e1s contagios. <a href=\"https:\/\/t.co\/g5mbOVBfpr\">pic.twitter.com\/g5mbOVBfpr<\/a><\/p>&mdash; Alejandro Murat (@alejandromurat) <a href=\"https:\/\/twitter.com\/alejandromurat\/status\/1297687935366696961?ref_src=twsrc%5Etfw\">24 de agosto de 2020<\/a><\/blockquote><\/div>\n<\/div><\/figure>\n\n\n\n<p>En un comunicado de prensa, dio a conocer que toda vez que se ha identificado que Oaxaca de Ju\u00e1rez, San Jos\u00e9 del Progreso, San Andr\u00e9s Huay\u00e1pam, San Sebasti\u00e1n Tutla, San Juan Bautista Tuxtepec, Santa Mar\u00eda Huatulco, Huajuapan de Le\u00f3n y Abejones son los municipios donde se registran m\u00e1s contagios, del 24 al 28 de agosto se focalizar\u00e1n acciones coordinadas entre las instancias de gobierno, con la finalidad de disminuir la propagaci\u00f3n del virus en estos lugares.<\/p>\n\n\n\n<p>Entre \u00e9stas se encuentran la conformaci\u00f3n de brigadas m\u00e9dicas de atenci\u00f3n domiciliaria; instalaci\u00f3n de m\u00f3dulos para aplicaci\u00f3n de pruebas r\u00e1pidas Covid-19; sanitizaci\u00f3n de zonas identificadas de contagio y espacios de mayor concentraci\u00f3n.<\/p>\n\n\n\n<figure class=\"wp-block-embed-twitter wp-block-embed is-type-rich is-provider-twitter\"><div class=\"wp-block-embed__wrapper\">\n<div class=\"twitter-tweet\"><blockquote class=\"twitter-tweet\" data-lang=\"es\"><p lang=\"es\" dir=\"ltr\">Usemos cubrebocas por ellos, por tu familia, por todos. <a href=\"https:\/\/twitter.com\/hashtag\/Reto40xOax?src=hash&amp;ref_src=twsrc%5Etfw\">#Reto40xOax<\/a> <a href=\"https:\/\/t.co\/Sp8jJ7SGeD\">pic.twitter.com\/Sp8jJ7SGeD<\/a><\/p>&mdash; Alejandro Murat (@alejandromurat) <a href=\"https:\/\/twitter.com\/alejandromurat\/status\/1297678897232973832?ref_src=twsrc%5Etfw\">23 de agosto de 2020<\/a><\/blockquote><\/div>\n<\/div><\/figure>\n","protected":false},"excerpt":{"rendered":"<p>Redacci\u00f3n\/Zona Roja. Oaxaca de Ju\u00e1rez, Oax. 23 de agosto de 2020.- Ante la persistencia del&hellip;<\/p>\n","protected":false},"author":2,"featured_media":16684,"comment_status":"closed","ping_status":"open","sticky":false,"template":"","format":"standard","meta":{"_lmt_disableupdate":"","_lmt_disable":"","_jetpack_memberships_contains_paid_content":false,"footnotes":""},"categories":[109,47],"tags":[173,1512],"class_list":["post-16683","post","type-post","status-publish","format-standard","has-post-thumbnail","hentry","category-minuto-a-minuto","category-zona-gris","tag-alejandro-murat-hinojosa","tag-coronavirus-oaxaca"],"jetpack_featured_media_url":"https:\/\/zonaroja.com.mx\/wp-content\/uploads\/2020\/08\/Ciudad-de-Oaxaca.jpg","jetpack_sharing_enabled":true,"_links":{"self":[{"href":"https:\/\/zonaroja.com.mx\/index.php?rest_route=\/wp\/v2\/posts\/16683","targetHints":{"allow":["GET"]}}],"collection":[{"href":"https:\/\/zonaroja.com.mx\/index.php?rest_route=\/wp\/v2\/posts"}],"about":[{"href":"https:\/\/zonaroja.com.mx\/index.php?rest_route=\/wp\/v2\/types\/post"}],"author":[{"embeddable":true,"href":"https:\/\/zonaroja.com.mx\/index.php?rest_route=\/wp\/v2\/users\/2"}],"replies":[{"embeddable":true,"href":"https:\/\/zonaroja.com.mx\/index.php?rest_route=%2Fwp%2Fv2%2Fcomments&post=16683"}],"version-history":[{"count":1,"href":"https:\/\/zonaroja.com.mx\/index.php?rest_route=\/wp\/v2\/posts\/16683\/revisions"}],"predecessor-version":[{"id":16685,"href":"https:\/\/zonaroja.com.mx\/index.php?rest_route=\/wp\/v2\/posts\/16683\/revisions\/16685"}],"wp:featuredmedia":[{"embeddable":true,"href":"https:\/\/zonaroja.com.mx\/index.php?rest_route=\/wp\/v2\/media\/16684"}],"wp:attachment":[{"href":"https:\/\/zonaroja.com.mx\/index.php?rest_route=%2Fwp%2Fv2%2Fmedia&parent=16683"}],"wp:term":[{"taxonomy":"category","embeddable":true,"href":"https:\/\/zonaroja.com.mx\/index.php?rest_route=%2Fwp%2Fv2%2Fcategories&post=16683"},{"taxonomy":"post_tag","embeddable":true,"href":"https:\/\/zonaroja.com.mx\/index.php?rest_route=%2Fwp%2Fv2%2Ftags&post=16683"}],"curies":[{"name":"wp","href":"https:\/\/api.w.org\/{rel}","templated":true}]}}