{"id":1669,"date":"2019-06-17T17:55:57","date_gmt":"2019-06-17T22:55:57","guid":{"rendered":"http:\/\/www.zonaroja.com.mx\/?p=1669"},"modified":"2019-06-17T17:56:00","modified_gmt":"2019-06-17T22:56:00","slug":"familia-de-pamela-queria-que-sol-jarquin-hablara-con-presunto-capo-juan-teran","status":"publish","type":"post","link":"https:\/\/zonaroja.com.mx\/?p=1669","title":{"rendered":"Familia de Pamela quer\u00eda que Sol Jarqu\u00edn hablara con presunto capo Juan Ter\u00e1n"},"content":{"rendered":"\n<p>Ismael\nGarc\u00eda M.<\/p>\n\n\n\n<p>Oaxaca de\nJu\u00e1rez, Oax., 17 de junio de 2019.- \u201cEl fiscal decidi\u00f3 ponerme esa seguridad de\nmanera inmediata a ra\u00edz de acercamientos que hubo de parte de los Ter\u00e1n\nconmigo, ellos quer\u00edan que hablara con Juan Ter\u00e1n, yo me negu\u00e9\u201d.<\/p>\n\n\n\n<p>As\u00ed lo\nrevel\u00f3 hoy la periodista Soledad Jarqu\u00edn Edgar, para ejemplificar el grado de\npeligro que corre su vida y en la de sus familiares, tras el asesinato de su\nhija Mar\u00eda del Sol Cruz Jarqu\u00edn, el 2 de junio de 2018, junto con Pamela Ter\u00e1n y\nsu chofer Adelfo Guerra.<\/p>\n\n\n\n<p>Juan Ter\u00e1n\nes presuntamente el jefe del crimen organizado en la regi\u00f3n del Istmo de\nTehuantepec; es supuestamente buscado desde hace m\u00e1s de tres a\u00f1os por\ncorporaciones policiacas federales y estatales.<\/p>\n\n\n\n<p>Sin embargo,\npese a que seg\u00fan diversas fuentes tiene su domicilio cerca de Juchit\u00e1n, no ha\nsido localizado. En abril de 2017 fue detenido en Puebla, pero despu\u00e9s puesto\nen libertad, porque fue por el delito de portaci\u00f3n de arma de fuego sin\nlicencia.<\/p>\n\n\n\n<p>Pese al\ngrave riesgo en la vida de Soledad Jarqu\u00edn y en la de su familia por exigir\njusticia para su hija Sol, el fiscal Rub\u00e9n Vasconcelos M\u00e9ndez orden\u00f3 la semana\npasada retirarle al \u00fanico escolta que ten\u00eda, que adem\u00e1s \u201cni para gasolina le\ndaban para el veh\u00edculo\u201d, refiere la defensora de los derechos de las mujeres.<\/p>\n\n\n\n<p>Este mediod\u00eda, la periodista y Y\u00e9sica S\u00e1nchez Maya, representante de Consorcio para el Di\u00e1logo Parlamentario dieron una conferencia de prensa para acusar que las amenazas siguen, v\u00eda redes sociales, as\u00ed como el hostigamiento por parte de la Fiscal\u00eda General del Estado, al ordenar vandalizar espectaculares colocados en la capital de Oaxaca.<\/p>\n\n\n\n<figure class=\"wp-block-embed-twitter wp-block-embed is-type-rich is-provider-twitter\"><div class=\"wp-block-embed__wrapper\">\n<div class=\"twitter-tweet\"><blockquote class=\"twitter-tweet\" data-lang=\"es\"><p lang=\"es\" dir=\"ltr\"><a href=\"https:\/\/twitter.com\/hashtag\/OaxacaRojo?src=hash&amp;ref_src=twsrc%5Etfw\">#OaxacaRojo<\/a><br>\u201cSi algo le sucede a <a href=\"https:\/\/twitter.com\/jarquinedgar?ref_src=twsrc%5Etfw\">@jarquinedgar<\/a>, es responsabilidad de <a href=\"https:\/\/twitter.com\/alejandromurat?ref_src=twsrc%5Etfw\">@alejandromurat<\/a>, del fiscal (<a href=\"https:\/\/twitter.com\/RVasconcelosM?ref_src=twsrc%5Etfw\">@RVasconcelosM<\/a>) y de los Montero\u201d, se\u00f1ala <a href=\"https:\/\/twitter.com\/consorciooaxaca?ref_src=twsrc%5Etfw\">@consorciooaxaca<\/a> en conferencia de prensa. <a href=\"https:\/\/twitter.com\/SSPCMexico?ref_src=twsrc%5Etfw\">@SSPCMexico<\/a> <a href=\"https:\/\/twitter.com\/SEGOB_mx?ref_src=twsrc%5Etfw\">@SEGOB_mx<\/a> <a href=\"https:\/\/twitter.com\/KarinaBaronO?ref_src=twsrc%5Etfw\">@KarinaBaronO<\/a> <a href=\"https:\/\/t.co\/XUggSQZXDr\">pic.twitter.com\/XUggSQZXDr<\/a><\/p>&mdash; Zona Roja Oaxaca (@MexRoja) <a href=\"https:\/\/twitter.com\/MexRoja\/status\/1140693073552453632?ref_src=twsrc%5Etfw\">17 de junio de 2019<\/a><\/blockquote><\/div>\n<\/div><\/figure>\n\n\n\n<p>RESPONSABILIDAD\nOFICIAL<\/p>\n\n\n\n<p>\u201cSi algo le\nsucede a Soledad, ser\u00e1 responsabilidad de Murat (Alejandro), del fiscal y de\nlos Montero. El Estado est\u00e1 desestimando el caso, as\u00ed como la importancia que\ntiene el que se le brinde seguridad. No podemos quedarnos de brazos cruzados\ndespu\u00e9s del riesgo que existe; los ataques son con m\u00e1s frecuencia y que s\u00ed nos\ndan elementos para estar preocupados\u201d, dijo S\u00e1nchez Maya.<\/p>\n\n\n\n<p>Informaron\nque en el marco del primer aniversario del feminicido de Mar\u00eda del Sol Cruz\nJarqu\u00edn, y como parte de la jornada por la exigencia de #JusticiaParaSol, se\npusieron algunos espectaculares en diversos lugares de la ciudad de Oaxaca de\nJu\u00e1rez, desde el primer d\u00eda del mes.<\/p>\n\n\n\n<p>Fueron\nsituados a un costado de la carretera al cerro del Fort\u00edn, otro sobre la\navenida Universidad cerca del crucero de Cinco Se\u00f1ores y uno m\u00e1s en la colonia\nReforma.<\/p>\n\n\n\n<p>Sin embargo,\n\u201caunado a una cadena de agresiones contra la madre de Mar\u00eda del Sol, se suma el\nhecho de que el d\u00eda 11 de junio nos percatamos que hab\u00edan sido cortadas las\nfotograf\u00edas de los c\u00f3mplices de la impunidad y al d\u00eda siguiente hab\u00edan sido\nquitadas todas las fotograf\u00edas. <\/p>\n\n\n\n<p>\u201cLos ataques\nno quedaron ah\u00ed, resulta que el segundo espectacular fue arrancado en su\ntotalidad el pasado viernes 15 de junio, \u00e9ste se ubicaba sobre la avenida\nUniversidad.<\/p>\n\n\n\n<p>\u201cEl retiro y\/o mutilaci\u00f3n de dos de los tres espectaculares es una afrenta a las organizaciones de la sociedad civil y a la familia de la v\u00edctima orquestada por parte de la red de complicidades que mantiene, m\u00e1s de un a\u00f1o despu\u00e9s, en total impunidad el caso\u201d, acusaron.<\/p>\n\n\n\n<figure class=\"wp-block-embed-twitter wp-block-embed is-type-rich is-provider-twitter\"><div class=\"wp-block-embed__wrapper\">\n<div class=\"twitter-tweet\"><blockquote class=\"twitter-tweet\" data-lang=\"es\"><p lang=\"es\" dir=\"ltr\"><a href=\"https:\/\/twitter.com\/hashtag\/OaxacaRojo?src=hash&amp;ref_src=twsrc%5Etfw\">#OaxacaRojo<\/a><br>En este sitio fue vandalizado uno de los espectaculares en que se ped\u00eda <a href=\"https:\/\/twitter.com\/hashtag\/JusticiaParaSol?src=hash&amp;ref_src=twsrc%5Etfw\">#JusticiaParaSol<\/a> y se se\u00f1alaba a <a href=\"https:\/\/twitter.com\/alejandromurat?ref_src=twsrc%5Etfw\">@alejandromurat<\/a>, <a href=\"https:\/\/twitter.com\/RVasconcelosM?ref_src=twsrc%5Etfw\">@RVasconcelosM<\/a>, Araceli Pinelo y los Montero. Presuntamente lo retir\u00f3 personal de la <a href=\"https:\/\/twitter.com\/FISCALIA_GobOax?ref_src=twsrc%5Etfw\">@FISCALIA_GobOax<\/a>. <a href=\"https:\/\/twitter.com\/jarquinedgar?ref_src=twsrc%5Etfw\">@jarquinedgar<\/a> <a href=\"https:\/\/twitter.com\/consorciooaxaca?ref_src=twsrc%5Etfw\">@consorciooaxaca<\/a> <a href=\"https:\/\/t.co\/eJ10LuSDDP\">pic.twitter.com\/eJ10LuSDDP<\/a><\/p>&mdash; Zona Roja Oaxaca (@MexRoja) <a href=\"https:\/\/twitter.com\/MexRoja\/status\/1140752768929587201?ref_src=twsrc%5Etfw\">17 de junio de 2019<\/a><\/blockquote><\/div>\n<\/div><\/figure>\n\n\n\n<p>Agregaron\nque estos actos de vandalismo se suman a una campa\u00f1a de denostaci\u00f3n e\nintimidaci\u00f3n en redes sociales contra quienes exigen justicia para Sol y al reci\u00e9n\nretiro unilateral de guardia de seguridad a Soledad Jarqu\u00edn por parte de la\nFiscal\u00eda General del Estado.<\/p>\n\n\n\n<p>\u201cEs clara la\nautor\u00eda del vandalismo ejercido a lo largo de la semana pasada en contra de dos\nde los tres espectaculares, mutilando los rostros de Alejandro Murat, Rub\u00e9n\nVasconcelos, Araceli Pinelo (Fiscal Especializada en Delitos Electorales), as\u00ed\ncomo del ex titular de la SAI, Francisco Javier Montero, y su hermano el ex\ncandidato a la presidencia municipal y hoy regidor de Juchit\u00e1n de Zaragoza,\nHageo Montero, se\u00f1alados como quienes integran la red de complicidades que\nmantienen en la impunidad los hechos. <\/p>\n\n\n\n<p>\u201cDe ah\u00ed que\nlos responsabilizamos de cualquier ataque a la integridad f\u00edsica o a la vida de\nSoledad Jarqu\u00edn Edgar y su familia\u201d, remarcaron.<\/p>\n","protected":false},"excerpt":{"rendered":"<p>Ismael Garc\u00eda M. Oaxaca de Ju\u00e1rez, Oax., 17 de junio de 2019.- \u201cEl fiscal decidi\u00f3&hellip;<\/p>\n","protected":false},"author":2,"featured_media":1670,"comment_status":"closed","ping_status":"open","sticky":false,"template":"","format":"standard","meta":{"_lmt_disableupdate":"","_lmt_disable":"","_jetpack_memberships_contains_paid_content":false,"footnotes":""},"categories":[109,51],"tags":[59,89,58,62,90],"class_list":["post-1669","post","type-post","status-publish","format-standard","has-post-thumbnail","hentry","category-minuto-a-minuto","category-zona-roja","tag-fiscalia-general-del-estado","tag-justicia-para-sol","tag-oaxaca","tag-ruben-vasconcelos","tag-soledad-jarquin"],"jetpack_featured_media_url":"https:\/\/zonaroja.com.mx\/wp-content\/uploads\/2019\/06\/Conferencia-Consorcio-Soledad-Jarqu\u00edn.jpg","jetpack_sharing_enabled":true,"_links":{"self":[{"href":"https:\/\/zonaroja.com.mx\/index.php?rest_route=\/wp\/v2\/posts\/1669","targetHints":{"allow":["GET"]}}],"collection":[{"href":"https:\/\/zonaroja.com.mx\/index.php?rest_route=\/wp\/v2\/posts"}],"about":[{"href":"https:\/\/zonaroja.com.mx\/index.php?rest_route=\/wp\/v2\/types\/post"}],"author":[{"embeddable":true,"href":"https:\/\/zonaroja.com.mx\/index.php?rest_route=\/wp\/v2\/users\/2"}],"replies":[{"embeddable":true,"href":"https:\/\/zonaroja.com.mx\/index.php?rest_route=%2Fwp%2Fv2%2Fcomments&post=1669"}],"version-history":[{"count":1,"href":"https:\/\/zonaroja.com.mx\/index.php?rest_route=\/wp\/v2\/posts\/1669\/revisions"}],"predecessor-version":[{"id":1671,"href":"https:\/\/zonaroja.com.mx\/index.php?rest_route=\/wp\/v2\/posts\/1669\/revisions\/1671"}],"wp:featuredmedia":[{"embeddable":true,"href":"https:\/\/zonaroja.com.mx\/index.php?rest_route=\/wp\/v2\/media\/1670"}],"wp:attachment":[{"href":"https:\/\/zonaroja.com.mx\/index.php?rest_route=%2Fwp%2Fv2%2Fmedia&parent=1669"}],"wp:term":[{"taxonomy":"category","embeddable":true,"href":"https:\/\/zonaroja.com.mx\/index.php?rest_route=%2Fwp%2Fv2%2Fcategories&post=1669"},{"taxonomy":"post_tag","embeddable":true,"href":"https:\/\/zonaroja.com.mx\/index.php?rest_route=%2Fwp%2Fv2%2Ftags&post=1669"}],"curies":[{"name":"wp","href":"https:\/\/api.w.org\/{rel}","templated":true}]}}