{"id":16697,"date":"2020-08-24T07:47:44","date_gmt":"2020-08-24T12:47:44","guid":{"rendered":"http:\/\/www.zonaroja.com.mx\/?p=16697"},"modified":"2020-08-24T07:49:37","modified_gmt":"2020-08-24T12:49:37","slug":"danan-lluvias-unas-120-viviendas-en-el-istmo-de-tehuantepec","status":"publish","type":"post","link":"https:\/\/zonaroja.com.mx\/?p=16697","title":{"rendered":"Da\u00f1an lluvias unas 120 viviendas en el Istmo de Tehuantepec"},"content":{"rendered":"\n<p>Redacci\u00f3n\/Zona Roja.<\/p>\n\n\n\n<p>Oaxaca de Ju\u00e1rez, Oax., 24 de agosto de 2020.- Mientras la Comisi\u00f3n Nacional del Agua (Conagua) advirti\u00f3 que continuar\u00e1n las intensas lluvias en Oaxaca, la Coordinaci\u00f3n Estatal de Protecci\u00f3n civil de la entidad inform\u00f3 de los primeros da\u00f1os por fuerte precipitaci\u00f3n pluvial.<\/p>\n\n\n\n<p>En un comunicado, indic\u00f3 que las autoridades municipales de Santo Domingo Ingenio reportaron afectaci\u00f3n a viviendas en la agencia de Palo Blanco y La Blanca, por inundaci\u00f3n provocada por la salida del r\u00edo \u201cCazadero\u201d.<\/p>\n\n\n\n<p>De manera inmediata la delegaci\u00f3n de Protecci\u00f3n Civil Estatal se traslad\u00f3 a la zona. En el lugar, familias fueron desalojadas con apoyo de elementos de la Polic\u00eda Estatal y Protecci\u00f3n Civil Municipal, coordin\u00e1ndose la instalaci\u00f3n de dos refugios temporales.<\/p>\n\n\n\n<p>En tanto, en la zona afectada se contabilizaron en las primeras horas a poco m\u00e1s de 120 viviendas con p\u00e9rdidas de bienes muebles, enseres e insumos dom\u00e9sticos, as\u00ed como animales de granja.<\/p>\n\n\n\n<p>Los integrantes de las familias fueron instalados en el Palacio Municipal y en las instalaciones de la Casa de la Cultura, en tanto elementos de la Secretar\u00eda de Seguridad P\u00fablica y polic\u00edas municipales realizaron rondines de vigilancia para evitar actos de rapi\u00f1a.<\/p>\n\n\n\n<p>Indic\u00f3 que estas lluvias fueron consecuencia de la zona de baja presi\u00f3n con probabilidad de desarrollo cicl\u00f3nico, asociada con la Onda Tropical n\u00famero 30.<\/p>\n","protected":false},"excerpt":{"rendered":"<p>Redacci\u00f3n\/Zona Roja. Oaxaca de Ju\u00e1rez, Oax., 24 de agosto de 2020.- Mientras la Comisi\u00f3n Nacional&hellip;<\/p>\n","protected":false},"author":2,"featured_media":16699,"comment_status":"closed","ping_status":"open","sticky":false,"template":"","format":"standard","meta":{"_lmt_disableupdate":"","_lmt_disable":"","_jetpack_memberships_contains_paid_content":false,"footnotes":""},"categories":[109,47],"tags":[101],"class_list":["post-16697","post","type-post","status-publish","format-standard","has-post-thumbnail","hentry","category-minuto-a-minuto","category-zona-gris","tag-santo-domingo-ingenio"],"jetpack_featured_media_url":"https:\/\/zonaroja.com.mx\/wp-content\/uploads\/2020\/08\/Inundaciones-Istmo.jpg","jetpack_sharing_enabled":true,"_links":{"self":[{"href":"https:\/\/zonaroja.com.mx\/index.php?rest_route=\/wp\/v2\/posts\/16697","targetHints":{"allow":["GET"]}}],"collection":[{"href":"https:\/\/zonaroja.com.mx\/index.php?rest_route=\/wp\/v2\/posts"}],"about":[{"href":"https:\/\/zonaroja.com.mx\/index.php?rest_route=\/wp\/v2\/types\/post"}],"author":[{"embeddable":true,"href":"https:\/\/zonaroja.com.mx\/index.php?rest_route=\/wp\/v2\/users\/2"}],"replies":[{"embeddable":true,"href":"https:\/\/zonaroja.com.mx\/index.php?rest_route=%2Fwp%2Fv2%2Fcomments&post=16697"}],"version-history":[{"count":1,"href":"https:\/\/zonaroja.com.mx\/index.php?rest_route=\/wp\/v2\/posts\/16697\/revisions"}],"predecessor-version":[{"id":16698,"href":"https:\/\/zonaroja.com.mx\/index.php?rest_route=\/wp\/v2\/posts\/16697\/revisions\/16698"}],"wp:featuredmedia":[{"embeddable":true,"href":"https:\/\/zonaroja.com.mx\/index.php?rest_route=\/wp\/v2\/media\/16699"}],"wp:attachment":[{"href":"https:\/\/zonaroja.com.mx\/index.php?rest_route=%2Fwp%2Fv2%2Fmedia&parent=16697"}],"wp:term":[{"taxonomy":"category","embeddable":true,"href":"https:\/\/zonaroja.com.mx\/index.php?rest_route=%2Fwp%2Fv2%2Fcategories&post=16697"},{"taxonomy":"post_tag","embeddable":true,"href":"https:\/\/zonaroja.com.mx\/index.php?rest_route=%2Fwp%2Fv2%2Ftags&post=16697"}],"curies":[{"name":"wp","href":"https:\/\/api.w.org\/{rel}","templated":true}]}}