{"id":16714,"date":"2020-08-24T12:42:01","date_gmt":"2020-08-24T17:42:01","guid":{"rendered":"https:\/\/www.zonaroja.com.mx\/?p=16714"},"modified":"2020-08-24T12:48:42","modified_gmt":"2020-08-24T17:48:42","slug":"la-seccion-22-del-snte-aun-sin-una-estrategia-formal-de-ensenanza-para-regreso-a-clases-tv-descartada","status":"publish","type":"post","link":"https:\/\/zonaroja.com.mx\/?p=16714","title":{"rendered":"La Secci\u00f3n 22 del SNTE, a\u00fan sin una estrategia formal de ense\u00f1anza para regreso a clases; Tv descartada"},"content":{"rendered":"\n<p class=\"MsoNormal\">Yuridiana Sosa\/Zona Roja.&nbsp;<\/p>\n\n\n\n<p class=\"MsoNormal\">Oaxaca de Ju\u00e1rez, Oax., 24 de agosto de 2020.- Durante la presentaci\u00f3n de su calendario alternativo del nuevo ciclo escolar 2020-2021, que arranca el pr\u00f3ximo&nbsp;<a href=\"\/\/1\">7 de septiembre<\/a>, la Secci\u00f3n 22 adherida a la Coordinadora Nacional de Trabajadores de la Educaci\u00f3n (CNTE), mostr\u00f3 que a\u00fan no establecen los modelos de ense\u00f1anzas que implementar\u00e1n.<\/p>\n\n\n\n<p class=\"MsoNormal\">En conferencia de prensa virtual, en la que reafirmaron su rechazo al m\u00e9todo de ense\u00f1anza en l\u00ednea que estableci\u00f3 la Secretar\u00eda de Educaci\u00f3n P\u00fablica (SEP), el secretario de la gremial, Eloy L\u00f3pez Hern\u00e1ndez, dio a conocer que la Secci\u00f3n 22 cursar\u00e1 el ciclo escolar bajo el programa denominado \u201cProceso de acompa\u00f1amiento formativo a los estudiantes desde la perspectiva del PTEO (Plan para la Transformaci\u00f3n de la Educaci\u00f3n de Oaxaca)\u201d.<\/p>\n\n\n\n<p class=\"MsoNormal\">A excepci\u00f3n de acordar que el uso de la televisi\u00f3n quedar\u00e1 prohibido como gu\u00eda de ense\u00f1anza, el secretario dijo que los maestros a\u00fan est\u00e1n en proceso de establecer cu\u00e1les ser\u00e1n los mecanismos y c\u00f3mo hacer llegar a los alumnos y padres de familia los contenidos acad\u00e9micos.<\/p>\n\n\n\n<p class=\"MsoNormal\">Durante la semana&nbsp;<a href=\"\/\/2\">del 24 al 28 de agosto<\/a>&nbsp;los docentes estar\u00e1n en el ejercicio que llaman proceso de reorganizaci\u00f3n de colectivos, en el que construir\u00e1n los modelos que mejor convengan a los alumnos seg\u00fan las regiones estatales y zonas escolares en los 37 sectores sindicales donde tiene presencia la Secci\u00f3n 22.<\/p>\n\n\n\n<p class=\"MsoNormal\">En la semana siguiente, los docentes se organizar\u00e1n con las autoridades locales y padres de familia para el inicio a clases el pr\u00f3ximo&nbsp;<a href=\"\/\/3\">7 de septiembre<\/a>, en un calendario alterno de 198 d\u00edas, con fecha de fin de curso el 13 de julio.<\/p>\n\n\n\n<p class=\"MsoNormal\">El Comit\u00e9 Ejecutivo de la Secci\u00f3n 22 recalc\u00f3 que el modelo de la SEP, con el uso de la televisi\u00f3n o plataformas digitales, es \u201cexcluyente y antipedag\u00f3gico\u201d.<\/p>\n\n\n\n<p class=\"MsoNormal\">MOVILIZACI\u00d3N DE DOCENTES&nbsp;<\/p>\n\n\n\n<p class=\"MsoNormal\">Por otra parte, docentes del Sector Periferia, en los Valles Centrales, se movilizaron la ma\u00f1ana de&nbsp;<a href=\"\/\/6\">este lunes<\/a>&nbsp;en el Centro Hist\u00f3rico de la capital en rechazo al inicio del ciclo escolar bajo el m\u00e9todo implementado por la SEP y el IEEPO.&nbsp;<\/p>\n\n\n\n<p class=\"MsoNormal\">Con una breve marcha, del atrio del templo de San Agust\u00edn al z\u00f3calo de la capital, los profesores reclamaron al presidente Andr\u00e9s Manuel L\u00f3pez Obrador las estrategias contra la educaci\u00f3n de miles de ni\u00f1os sin acceso a medios digitales.<\/p>\n\n\n\n<p class=\"MsoNormal\">\u201cAMLO dec\u00eda que todo cambiar\u00eda, mentira, mentira, la misma porquer\u00eda\u201d; \u201cEducaci\u00f3n primero, al hijo del obrero, educaci\u00f3n despu\u00e9s, al hijo del burgu\u00e9s\u201d; \u201cTelevisa te idiotiza\u201d; \u201cEducaci\u00f3n gratuita, lo que pueblo necesita\u201d, gritaron en un\u00edsono los manifestantes.<\/p>\n\n\n\n<p class=\"MsoNormal\">Durante su posicionamiento pol\u00edtico, en el z\u00f3calo instalaron la representaci\u00f3n de un ni\u00f1o, de cart\u00f3n, frente a un televisor, el cual \u201caspira el cerebro\u201d del infante; despu\u00e9s lo quemaron. <\/p>\n","protected":false},"excerpt":{"rendered":"<p>Yuridiana Sosa\/Zona Roja.&nbsp; Oaxaca de Ju\u00e1rez, Oax., 24 de agosto de 2020.- Durante la presentaci\u00f3n&hellip;<\/p>\n","protected":false},"author":2,"featured_media":16713,"comment_status":"closed","ping_status":"open","sticky":false,"template":"","format":"standard","meta":{"_lmt_disableupdate":"","_lmt_disable":"","_jetpack_memberships_contains_paid_content":false,"footnotes":""},"categories":[109,47],"tags":[312],"class_list":["post-16714","post","type-post","status-publish","format-standard","has-post-thumbnail","hentry","category-minuto-a-minuto","category-zona-gris","tag-seccion-22-del-snte"],"jetpack_featured_media_url":"https:\/\/zonaroja.com.mx\/wp-content\/uploads\/2020\/08\/img_2876.jpg","jetpack_sharing_enabled":true,"_links":{"self":[{"href":"https:\/\/zonaroja.com.mx\/index.php?rest_route=\/wp\/v2\/posts\/16714","targetHints":{"allow":["GET"]}}],"collection":[{"href":"https:\/\/zonaroja.com.mx\/index.php?rest_route=\/wp\/v2\/posts"}],"about":[{"href":"https:\/\/zonaroja.com.mx\/index.php?rest_route=\/wp\/v2\/types\/post"}],"author":[{"embeddable":true,"href":"https:\/\/zonaroja.com.mx\/index.php?rest_route=\/wp\/v2\/users\/2"}],"replies":[{"embeddable":true,"href":"https:\/\/zonaroja.com.mx\/index.php?rest_route=%2Fwp%2Fv2%2Fcomments&post=16714"}],"version-history":[{"count":1,"href":"https:\/\/zonaroja.com.mx\/index.php?rest_route=\/wp\/v2\/posts\/16714\/revisions"}],"predecessor-version":[{"id":16715,"href":"https:\/\/zonaroja.com.mx\/index.php?rest_route=\/wp\/v2\/posts\/16714\/revisions\/16715"}],"wp:featuredmedia":[{"embeddable":true,"href":"https:\/\/zonaroja.com.mx\/index.php?rest_route=\/wp\/v2\/media\/16713"}],"wp:attachment":[{"href":"https:\/\/zonaroja.com.mx\/index.php?rest_route=%2Fwp%2Fv2%2Fmedia&parent=16714"}],"wp:term":[{"taxonomy":"category","embeddable":true,"href":"https:\/\/zonaroja.com.mx\/index.php?rest_route=%2Fwp%2Fv2%2Fcategories&post=16714"},{"taxonomy":"post_tag","embeddable":true,"href":"https:\/\/zonaroja.com.mx\/index.php?rest_route=%2Fwp%2Fv2%2Ftags&post=16714"}],"curies":[{"name":"wp","href":"https:\/\/api.w.org\/{rel}","templated":true}]}}