{"id":16716,"date":"2020-08-24T15:49:40","date_gmt":"2020-08-24T20:49:40","guid":{"rendered":"http:\/\/www.zonaroja.com.mx\/?p=16716"},"modified":"2020-08-24T15:49:44","modified_gmt":"2020-08-24T20:49:44","slug":"movilizaciones-en-capital-de-oaxaca-retan-al-covid-y-ponen-en-duda-gobernabilidad","status":"publish","type":"post","link":"https:\/\/zonaroja.com.mx\/?p=16716","title":{"rendered":"Movilizaciones en capital de Oaxaca retan al Covid y ponen en duda gobernabilidad"},"content":{"rendered":"\n<p>Evlin Arag\u00f3n\/Zona Roja.<\/p>\n\n\n\n<p>Oaxaca de Ju\u00e1rez, Oax., 24 de agosto de 2020.- Pese a las medidas especiales anunciadas por el gobernador Alejandro Murat, que dar\u00edan inicio este lunes en la capital de Oaxaca, a fin de contener el n\u00famero de contagios por Covid-19, este lunes la semana comenz\u00f3 con m\u00faltiples protestas y movilizaciones, que retaron al coronavirus, pusieron en entredicho la gobernabilidad y evidenciaron la falta de actuaci\u00f3n de funcionarios en las \u00e1reas de finanzas, procuraci\u00f3n de justicia y salud.<\/p>\n\n\n\n<p>Desde muy temprana hora, alrededor de las siete de la ma\u00f1ana, un primer bloqueo de manifestantes lleg\u00f3 al crucero del Aeropuerto, v\u00eda federal 175, para denunciar la desatenci\u00f3n del Gobierno del Estado a diversas demandas.&nbsp;&nbsp;<\/p>\n\n\n\n<p>Se trataba de integrantes del Frente Popular Revolucionario (FPR) y habitantes de diversas comunidades &#8211;muchas de las cuales aseguraron a\u00fan est\u00e1n libres de Covid-19&#8211;, quienes determinaron salir en marcha hacia el z\u00f3calo de la ciudad para exigir el cumplimiento de 60 obras sociales ya pactadas con las autoridades estatales.&nbsp;<\/p>\n\n\n\n<p>As\u00ed lo dio a conocer Macario Otalo Padilla, presidente estatal del FPR, quien responsabiliz\u00f3 al secretario de Finanzas, Vicente Mendoza, de las movilizaciones de este lunes que no s\u00f3lo afectaron en las vialidades de la capital, sino pusieron en riesgo de contagio por Covid-19 a decenas de personas, al arribar a la capital oaxaque\u00f1a que es considerada como uno de los municipios con mayor n\u00famero de casos.&nbsp;<\/p>\n\n\n\n<p>\u201cVicente Mendoza ha hecho y desecho con tal de no cumplirle a las organizaciones, \u00e9l es el causante de que no salgan los recursos para las distintas obras que ya est\u00e1n validadas, que ya tienen oficio de autorizaci\u00f3n y que solo esperan el proceso de licitaci\u00f3n y contrataci\u00f3n\u201d, refiri\u00f3 el activista.\u00a0<\/p>\n\n\n\n<figure class=\"wp-block-embed-twitter wp-block-embed is-type-rich is-provider-twitter\"><div class=\"wp-block-embed__wrapper\">\n<div class=\"twitter-tweet\"><blockquote class=\"twitter-tweet\" data-lang=\"es\"><p lang=\"es\" dir=\"ltr\"><a href=\"https:\/\/twitter.com\/hashtag\/%C3%9AltimoMinuto?src=hash&amp;ref_src=twsrc%5Etfw\">#\u00daltimoMinuto<\/a> <br>El <a href=\"https:\/\/twitter.com\/FPR_OAXACA?ref_src=twsrc%5Etfw\">@FPR_OAXACA<\/a> abri\u00f3 un carril de circulaci\u00f3n vehicular en inmediaciones del crucero del aeropuerto, al sur de la capital oaxaque\u00f1a; su dirigente Macario Otalo Padilla explica los motivos de la protesta: <a href=\"https:\/\/t.co\/lNXx5jyDQB\">pic.twitter.com\/lNXx5jyDQB<\/a><\/p>&mdash; Zona Roja Oaxaca (@MexRoja) <a href=\"https:\/\/twitter.com\/MexRoja\/status\/1297897612608073728?ref_src=twsrc%5Etfw\">24 de agosto de 2020<\/a><\/blockquote><\/div>\n<\/div><\/figure>\n\n\n\n<p>Otro grupo de manifestantes, con bandera roja en mano, sali\u00f3 de la zona oriente de la ciudad e hizo presencia en las oficinas de la Secretar\u00eda de Comunicaciones y Transportes (SCT) y la Secretar\u00eda de Bienestar, ubicadas a un costado de la carretera federal 190, en donde complicaron el flujo vehicular y demandaron atenci\u00f3n a su demanda de obra social.&nbsp;&nbsp;<\/p>\n\n\n\n<p>TAMBI\u00c9N POR JUSTICIA<\/p>\n\n\n\n<p>El bloqueo temporal en el crucero del Aeropuerto no fue el \u00fanico, ya que representantes de varias organizaciones sociales impidieron el paso en la avenida Universidad para exigir justicia por la masacre de Huazantl\u00e1n del R\u00edo, localidad perteneciente al municipio de San Mateo del Mar, que dej\u00f3 como saldo 15 personas asesinadas.&nbsp;&nbsp;<\/p>\n\n\n\n<p>\u201cExigimos justicia por los 15 hermanos ikoots de San Mateo del Mar, son dos meses y no se ha hecho justicia. Son dos meses en lo que se vive con miedo en Huazantl\u00e1n del R\u00edo. Necesitamos que el gobierno nos escuche, que la Fiscal\u00eda haga si trabajo\u201d, refirieron integrantes del Movimiento de Acci\u00f3n Social.&nbsp;<\/p>\n\n\n\n<p>Las y los activistas acusaron a la Fiscal\u00eda General del Estado, encabezada por Rub\u00e9n Vasconcelos M\u00e9ndez, de nulos avances en las investigaciones a dos meses de los hechos en los que la violencia se desat\u00f3 en la localidad, dejando personas torturadas, quemadas vivas y asesinadas.&nbsp;<\/p>\n\n\n\n<p>HASTA MAESTROS<\/p>\n\n\n\n<figure class=\"wp-block-embed-twitter wp-block-embed is-type-rich is-provider-twitter\"><div class=\"wp-block-embed__wrapper\">\n<div class=\"twitter-tweet\"><blockquote class=\"twitter-tweet\" data-lang=\"es\"><p lang=\"es\" dir=\"ltr\"><a href=\"https:\/\/twitter.com\/hashtag\/%C3%9AltimoMinuto?src=hash&amp;ref_src=twsrc%5Etfw\">#\u00daltimoMinuto<\/a> <br>En el z\u00f3calo de la ciudad de <a href=\"https:\/\/twitter.com\/hashtag\/Oaxaca?src=hash&amp;ref_src=twsrc%5Etfw\">#Oaxaca<\/a>, un grupo de docentes de la Secci\u00f3n 22 del SNTE quem\u00f3 cartones que representaban un televisor, en rechazo a las clases virtuales, cuyo ciclo escolar iniciaron hoy la <a href=\"https:\/\/twitter.com\/SEP_mx?ref_src=twsrc%5Etfw\">@SEP_mx<\/a> y el <a href=\"https:\/\/twitter.com\/IEEPOGobOax?ref_src=twsrc%5Etfw\">@IEEPOGobOax<\/a>. <a href=\"https:\/\/t.co\/odLd7kHjLz\">pic.twitter.com\/odLd7kHjLz<\/a><\/p>&mdash; Zona Roja Oaxaca (@MexRoja) <a href=\"https:\/\/twitter.com\/MexRoja\/status\/1297937594043555840?ref_src=twsrc%5Etfw\">24 de agosto de 2020<\/a><\/blockquote><\/div>\n<\/div><\/figure>\n\n\n\n<p>Mientras lo anterior suced\u00eda en las afueras de la ciudad, en el z\u00f3calo capitalino ya un grupo de docentes, adheridos a la Secci\u00f3n 22 de la Coordinadora Nacional de Trabajadores de la Educaci\u00f3n (CNTE), prendi\u00f3 fuego a una televisi\u00f3n hecha de cart\u00f3n para manifestar su oposici\u00f3n al inicio del ciclo escolar 2020-2021, mediante clases virtuales.&nbsp;<\/p>\n\n\n\n<p>\u201cMaestro s\u00ed, televisi\u00f3n no\u201d se escuch\u00f3 en reiteradas ocasiones como parte de la acci\u00f3n encabezada por docentes de la Secci\u00f3n 22 que incluy\u00f3 la figura de un menor de edad conectado a una televisi\u00f3n.<\/p>\n\n\n\n<p>As\u00ed mismo, integrantes de la Asamblea de Pueblos en Defensa del Territorio, la Educaci\u00f3n P\u00fablica Gratuita y los Derechos Humanos, esperaron su turno en el z\u00f3calo de la ciudad para denunciar los nulos avances en las investigaciones de la Fiscal\u00eda General del Estado y su titular Rub\u00e9n Vasconcelos M\u00e9ndez, para dar con los responsables de cr\u00edmenes en contra de tres luchadores sociales.&nbsp;<\/p>\n\n\n\n<p>\u201cEl caso de nuestro compa\u00f1ero Catarino Torres Pereda tiene 10 a\u00f1os y no se ha resuelto, el fiscal se ha comprometido con nosotros y no hay resultados. Sabemos que hay \u00f3rdenes de aprehensi\u00f3n, pero no se ejecutan\u201d, refirieron en conferencia de prensa.\u00a0<\/p>\n\n\n\n<figure class=\"wp-block-embed-twitter wp-block-embed is-type-rich is-provider-twitter\"><div class=\"wp-block-embed__wrapper\">\n<div class=\"twitter-tweet\"><blockquote class=\"twitter-tweet\" data-lang=\"es\"><p lang=\"es\" dir=\"ltr\"><a href=\"https:\/\/twitter.com\/hashtag\/OaxacaGris?src=hash&amp;ref_src=twsrc%5Etfw\">#OaxacaGris<\/a> <br>Tambi\u00e9n hubo denuncias contra la <a href=\"https:\/\/twitter.com\/FISCALIA_GobOax?ref_src=twsrc%5Etfw\">@FISCALIA_GobOax<\/a> por parte de la Asamblea de Pueblos en Defensa del Territorio, la Educaci\u00f3n P\u00fablica Gratuita y los Derechos Humanos; acusan nulo avance en cr\u00edmenes, pese a compromiso formal de <a href=\"https:\/\/twitter.com\/RVasconcelosM?ref_src=twsrc%5Etfw\">@RVasconcelosM<\/a>. <a href=\"https:\/\/t.co\/Fnno7hMMQy\">pic.twitter.com\/Fnno7hMMQy<\/a><\/p>&mdash; Zona Roja Oaxaca (@MexRoja) <a href=\"https:\/\/twitter.com\/MexRoja\/status\/1297966089628987392?ref_src=twsrc%5Etfw\">24 de agosto de 2020<\/a><\/blockquote><\/div>\n<\/div><\/figure>\n\n\n\n<p>En este mismo sentido, el Centro Hist\u00f3rico tambi\u00e9n fue sede de la protesta encabezada por integrantes del Movimiento Lubizha, quienes demandaron justicia por el asesinato de Arturo Pimentel Salas, quien fuera dirigente de la organizaci\u00f3n y cuyo caso lleva siete a\u00f1os en el olvido por parte de las autoridades de procuraci\u00f3n de justicia.&nbsp;<\/p>\n\n\n\n<p>Finalmente y por si no fuera poco, personal de salud de la Jurisdicci\u00f3n 01 de Valles Centrales, \u201ctom\u00f3\u201d de forma temporal sus oficinas para exigir la destituci\u00f3n del administrador Leonardo Pacheco Skidmor, acci\u00f3n que consiguieron &#8211;al menos en promesa de las autoridades&#8211; por lo que horas despu\u00e9s concluyeron con su protesta.&nbsp;<\/p>\n\n\n\n<p>En el interior del estado se manifestaron tambi\u00e9n organizaciones sociales, en apoyo a sus compa\u00f1eros que se movilizaron en la capital oaxaque\u00f1a y su zona conurbada.<\/p>\n\n\n\n<p>La marcha de estos \u00faltimos arrib\u00f3 alrededor de las 14:00 horas y culmin\u00f3 con un mitin; el Gobierno del Estado les ofreci\u00f3 una mesa de trabajo pero denunciaron que si en 15 d\u00edas no hab\u00eda soluci\u00f3n por parte de la Secretar\u00eda de Finanzas, volver\u00edan a las calles.<\/p>\n\n\n\n<figure class=\"wp-block-embed-twitter wp-block-embed is-type-rich is-provider-twitter\"><div class=\"wp-block-embed__wrapper\">\n<div class=\"twitter-tweet\"><blockquote class=\"twitter-tweet\" data-lang=\"es\"><p lang=\"es\" dir=\"ltr\"><a href=\"https:\/\/twitter.com\/hashtag\/%C3%9AltimoMinuto?src=hash&amp;ref_src=twsrc%5Etfw\">#\u00daltimoMinuto<\/a> <br>Trabajadores de la Jurisdicci\u00f3n Sanitaria Uno de los <a href=\"https:\/\/twitter.com\/SSO_GobOax?ref_src=twsrc%5Etfw\">@SSO_GobOax<\/a> bloquearon por unos minutos sus oficinas en la capital de Oaxaca  para exigir la renuncia de un funcionario. Ya retiran protesta y reanudan labores. <a href=\"https:\/\/t.co\/5DMvKwhkS8\">pic.twitter.com\/5DMvKwhkS8<\/a><\/p>&mdash; Zona Roja Oaxaca (@MexRoja) <a href=\"https:\/\/twitter.com\/MexRoja\/status\/1297916097761546243?ref_src=twsrc%5Etfw\">24 de agosto de 2020<\/a><\/blockquote><\/div>\n<\/div><\/figure>\n","protected":false},"excerpt":{"rendered":"<p>Evlin Arag\u00f3n\/Zona Roja. Oaxaca de Ju\u00e1rez, Oax., 24 de agosto de 2020.- Pese a las&hellip;<\/p>\n","protected":false},"author":2,"featured_media":16717,"comment_status":"closed","ping_status":"open","sticky":false,"template":"","format":"standard","meta":{"_lmt_disableupdate":"","_lmt_disable":"","_jetpack_memberships_contains_paid_content":false,"footnotes":""},"categories":[109,47],"tags":[1687],"class_list":["post-16716","post","type-post","status-publish","format-standard","has-post-thumbnail","hentry","category-minuto-a-minuto","category-zona-gris","tag-frente-popular-revolucionario-fpr"],"jetpack_featured_media_url":"https:\/\/zonaroja.com.mx\/wp-content\/uploads\/2020\/08\/Marcha-FPR-y-otros-ciudad-de-Oaxaca.jpg","jetpack_sharing_enabled":true,"_links":{"self":[{"href":"https:\/\/zonaroja.com.mx\/index.php?rest_route=\/wp\/v2\/posts\/16716","targetHints":{"allow":["GET"]}}],"collection":[{"href":"https:\/\/zonaroja.com.mx\/index.php?rest_route=\/wp\/v2\/posts"}],"about":[{"href":"https:\/\/zonaroja.com.mx\/index.php?rest_route=\/wp\/v2\/types\/post"}],"author":[{"embeddable":true,"href":"https:\/\/zonaroja.com.mx\/index.php?rest_route=\/wp\/v2\/users\/2"}],"replies":[{"embeddable":true,"href":"https:\/\/zonaroja.com.mx\/index.php?rest_route=%2Fwp%2Fv2%2Fcomments&post=16716"}],"version-history":[{"count":1,"href":"https:\/\/zonaroja.com.mx\/index.php?rest_route=\/wp\/v2\/posts\/16716\/revisions"}],"predecessor-version":[{"id":16718,"href":"https:\/\/zonaroja.com.mx\/index.php?rest_route=\/wp\/v2\/posts\/16716\/revisions\/16718"}],"wp:featuredmedia":[{"embeddable":true,"href":"https:\/\/zonaroja.com.mx\/index.php?rest_route=\/wp\/v2\/media\/16717"}],"wp:attachment":[{"href":"https:\/\/zonaroja.com.mx\/index.php?rest_route=%2Fwp%2Fv2%2Fmedia&parent=16716"}],"wp:term":[{"taxonomy":"category","embeddable":true,"href":"https:\/\/zonaroja.com.mx\/index.php?rest_route=%2Fwp%2Fv2%2Fcategories&post=16716"},{"taxonomy":"post_tag","embeddable":true,"href":"https:\/\/zonaroja.com.mx\/index.php?rest_route=%2Fwp%2Fv2%2Ftags&post=16716"}],"curies":[{"name":"wp","href":"https:\/\/api.w.org\/{rel}","templated":true}]}}