{"id":16719,"date":"2020-08-24T15:51:52","date_gmt":"2020-08-24T20:51:52","guid":{"rendered":"http:\/\/www.zonaroja.com.mx\/?p=16719"},"modified":"2020-08-24T16:53:41","modified_gmt":"2020-08-24T21:53:41","slug":"denuncian-nula-procuracion-de-justicia-de-la-fiscalia-en-caso-de-masacrados-de-huazantlan","status":"publish","type":"post","link":"https:\/\/zonaroja.com.mx\/?p=16719","title":{"rendered":"Denuncian nula procuraci\u00f3n de justicia de la Fiscal\u00eda en caso de masacrados de Huazantl\u00e1n"},"content":{"rendered":"\n<p>Yuridiana Sosa\/Zona Roja.<\/p>\n\n\n\n<p>Oaxaca de Ju\u00e1rez, Oax., 24 de agosto de 2020.- A m\u00e1s de dos meses de la masacre de 15 ind\u00edgenas ikoots en la agencia de Huazantl\u00e1n del R\u00edo de San Mateo del Mar, en la regi\u00f3n del Istmo, organizaciones sociales se movilizaron en la capital del estado para exigir justicia, tanto a la Fiscal\u00eda General de Oaxaca como al gobierno federal.<\/p>\n\n\n\n<p>Al considerar nulos avances en las investigaciones del caso, ocurrido el 21 y 22 de junio pasado, los representantes de los afectados demandaron la intervenci\u00f3n urgente de la Corte Interamericana de los Derechos Humanos (CIDH) y de un grupo multidisciplinario independiente, como ocurri\u00f3 para el caso de los 43 normalistas desaparecidos de Ayotzinapa.<\/p>\n\n\n\n<p>Durante el mitin en el z\u00f3calo de la capital, en voz de una de las sobrevivientes de la masacre, Mar\u00eda del Rosario Guerra Salazar, tambi\u00e9n exigieron que las investigaciones que realizan o realizar\u00e1 la FGO y la Fiscal\u00eda General de la Rep\u00fablica, sean transparentes.<\/p>\n\n\n\n<p>Adem\u00e1s, en un documento de ocho puntos, pidieron que las v\u00edctimas sobrevivientes y familias de los asesinados reciban atenci\u00f3n y protecci\u00f3n para evitar futuros ataques, as\u00ed como acceso al derecho a la salud y la reparaci\u00f3n del da\u00f1o.<\/p>\n\n\n\n<figure class=\"wp-block-embed-twitter wp-block-embed is-type-rich is-provider-twitter\"><div class=\"wp-block-embed__wrapper\">\n<div class=\"twitter-tweet\"><blockquote class=\"twitter-tweet\" data-lang=\"es\"><p lang=\"es\" dir=\"ltr\"><a href=\"https:\/\/twitter.com\/hashtag\/%C3%9AltimoMinuto?src=hash&amp;ref_src=twsrc%5Etfw\">#\u00daltimoMinuto<\/a> <br>Por otra parte, organizaciones sociales bloquean la avenida Universidad de la ciudad de <a href=\"https:\/\/twitter.com\/hashtag\/Oaxaca?src=hash&amp;ref_src=twsrc%5Etfw\">#Oaxaca<\/a>, para exigir justicia por la masacre de <a href=\"https:\/\/twitter.com\/hashtag\/Huazantl%C3%A1n?src=hash&amp;ref_src=twsrc%5Etfw\">#Huazantl\u00e1n<\/a>, San Mateo del Mar; acusan a la <a href=\"https:\/\/twitter.com\/FISCALIA_GobOax?ref_src=twsrc%5Etfw\">@FISCALIA_GobOax<\/a> de nulos avances en las investigaciones a dos meses de los hechos. <a href=\"https:\/\/t.co\/DVBPHcid8N\">pic.twitter.com\/DVBPHcid8N<\/a><\/p>&mdash; Zona Roja Oaxaca (@MexRoja) <a href=\"https:\/\/twitter.com\/MexRoja\/status\/1297919726786674689?ref_src=twsrc%5Etfw\">24 de agosto de 2020<\/a><\/blockquote><\/div>\n<\/div><\/figure>\n\n\n\n<p>Para la comunidad, demandaron el derecho al libre tr\u00e1nsito, por las v\u00edas terrestre, a\u00e9reas y mar\u00edtimas, sin depender de la presencia de las autoridades municipales de San Mateo del Mar, se\u00f1aladas de la masacre.<\/p>\n\n\n\n<p>Los manifestantes marcharon por las principales vialidades de la capital del estado, en una movilizaci\u00f3n que se prolong\u00f3 por cerca de tres horas.<\/p>\n\n\n\n<p>\u201cEstamos ac\u00e1 para exigir justicia, porque ya tiene dos meses de la masacre y hasta ahorita no han hecho nada; los asesinos siguen sueltos mientras que la compa\u00f1era Okas Marissa, y otra mujer, perdieron la vida.<\/p>\n\n\n\n<p>\u201cCuando vino el 5 de mayo a levantar una demanda donde ped\u00edas medidas cautelares, pero la Fiscal\u00eda no le dio esas medidas; viendo que no le hicieron caso, pusimos un plant\u00f3n en el palacio municipal porque no nos hicieron caso, hasta que el 21 de caso, gente encabezada por Jos\u00e9 Luis Ch\u00e1vez Salinas, fuimos masacrados.<\/p>\n\n\n\n<p>\u201cPerdieron la vida 15 de nuestros compa\u00f1eros, 13 hombres y dos mujeres, y no se nos hace justo que hasta el d\u00eda de hoy, ya tiene dos meses, hasta cu\u00e1ndo parar\u00e1 esa violencia. Queremos que las autoridades hagan su trabajo y encarcelen a los asesinos que andan como si nada\u2026 No se me hace justo que los asesinos tienen la seguridad, no nosotros; qu\u00e9 es lo que espera el gobierno, \u00bfqu\u00e9 nos maten a todos?, nosotros tambi\u00e9n valemos\u201d, dijo Mar\u00eda del Rosario.<\/p>\n\n\n\n<figure class=\"wp-block-embed-twitter wp-block-embed is-type-rich is-provider-twitter\"><div class=\"wp-block-embed__wrapper\">\n<div class=\"twitter-tweet\"><blockquote class=\"twitter-tweet\" data-lang=\"es\"><p lang=\"es\" dir=\"ltr\"><a href=\"https:\/\/twitter.com\/hashtag\/ENVIVO?src=hash&amp;ref_src=twsrc%5Etfw\">#ENVIVO<\/a><br>Oaxaca de Ju\u00e1rez, Oax., 24 de agosto de 2020.- Organizaci\u00f3n <a href=\"https:\/\/twitter.com\/FPR_OAXACA?ref_src=twsrc%5Etfw\">@FPR_OAXACA<\/a> y otros gremios sociales llegan con su marcha al z\u00f3calo de la capital de Oaxaca. De nuevo la denuncia de v\u00edctimas de masacre en Huazantl\u00e1n. <br><br>Aqu\u00ed la transmisi\u00f3n. \ud83d\udc47<a href=\"https:\/\/t.co\/Dht4MhbXRp\">https:\/\/t.co\/Dht4MhbXRp<\/a> <a href=\"https:\/\/t.co\/Rcy0EwR09c\">pic.twitter.com\/Rcy0EwR09c<\/a><\/p>&mdash; Zona Roja Oaxaca (@MexRoja) <a href=\"https:\/\/twitter.com\/MexRoja\/status\/1297981829463650305?ref_src=twsrc%5Etfw\">24 de agosto de 2020<\/a><\/blockquote><\/div>\n<\/div><\/figure>\n\n\n\n<p>Previo a la caminata, la organizaci\u00f3n Movimiento Social que respalda a las v\u00edctimas bloque\u00f3 la avenida Universidad frente a rector\u00eda de la Universidad Aut\u00f3noma \u201cBenito Ju\u00e1rez\u201d de Oaxaca.<\/p>\n\n\n\n<p>Hace un mes, las familias de las v\u00edctimas mortales tambi\u00e9n se manifestaron para demandar eficacia en las investigaciones para la aplicaci\u00f3n de justicia de los asesinatos de 13 varones y dos mujeres ind\u00edgenas de la regi\u00f3n del Istmo.<\/p>\n\n\n\n<p>Hasta el momento no hay ninguna persona detenida por la masacre y tampoco ha informado a los deudos de los avances en las investigaciones.<\/p>\n","protected":false},"excerpt":{"rendered":"<p>Yuridiana Sosa\/Zona Roja. Oaxaca de Ju\u00e1rez, Oax., 24 de agosto de 2020.- A m\u00e1s de&hellip;<\/p>\n","protected":false},"author":2,"featured_media":16720,"comment_status":"closed","ping_status":"open","sticky":false,"template":"","format":"standard","meta":{"_lmt_disableupdate":"","_lmt_disable":"","_jetpack_memberships_contains_paid_content":false,"footnotes":""},"categories":[109,47],"tags":[1656,605],"class_list":["post-16719","post","type-post","status-publish","format-standard","has-post-thumbnail","hentry","category-minuto-a-minuto","category-zona-gris","tag-huazantlan-del-rio","tag-san-mateo-del-mar"],"jetpack_featured_media_url":"https:\/\/zonaroja.com.mx\/wp-content\/uploads\/2020\/08\/Protesta-Huazantlan.png","jetpack_sharing_enabled":true,"_links":{"self":[{"href":"https:\/\/zonaroja.com.mx\/index.php?rest_route=\/wp\/v2\/posts\/16719","targetHints":{"allow":["GET"]}}],"collection":[{"href":"https:\/\/zonaroja.com.mx\/index.php?rest_route=\/wp\/v2\/posts"}],"about":[{"href":"https:\/\/zonaroja.com.mx\/index.php?rest_route=\/wp\/v2\/types\/post"}],"author":[{"embeddable":true,"href":"https:\/\/zonaroja.com.mx\/index.php?rest_route=\/wp\/v2\/users\/2"}],"replies":[{"embeddable":true,"href":"https:\/\/zonaroja.com.mx\/index.php?rest_route=%2Fwp%2Fv2%2Fcomments&post=16719"}],"version-history":[{"count":2,"href":"https:\/\/zonaroja.com.mx\/index.php?rest_route=\/wp\/v2\/posts\/16719\/revisions"}],"predecessor-version":[{"id":16727,"href":"https:\/\/zonaroja.com.mx\/index.php?rest_route=\/wp\/v2\/posts\/16719\/revisions\/16727"}],"wp:featuredmedia":[{"embeddable":true,"href":"https:\/\/zonaroja.com.mx\/index.php?rest_route=\/wp\/v2\/media\/16720"}],"wp:attachment":[{"href":"https:\/\/zonaroja.com.mx\/index.php?rest_route=%2Fwp%2Fv2%2Fmedia&parent=16719"}],"wp:term":[{"taxonomy":"category","embeddable":true,"href":"https:\/\/zonaroja.com.mx\/index.php?rest_route=%2Fwp%2Fv2%2Fcategories&post=16719"},{"taxonomy":"post_tag","embeddable":true,"href":"https:\/\/zonaroja.com.mx\/index.php?rest_route=%2Fwp%2Fv2%2Ftags&post=16719"}],"curies":[{"name":"wp","href":"https:\/\/api.w.org\/{rel}","templated":true}]}}