{"id":16722,"date":"2020-08-24T16:00:42","date_gmt":"2020-08-24T21:00:42","guid":{"rendered":"http:\/\/www.zonaroja.com.mx\/?p=16722"},"modified":"2020-08-24T19:31:27","modified_gmt":"2020-08-25T00:31:27","slug":"con-pandemia-o-sin-pandemia-eliza-y-sus-hermanos-sin-derecho-a-educacion","status":"publish","type":"post","link":"https:\/\/zonaroja.com.mx\/?p=16722","title":{"rendered":"Con pandemia o sin pandemia, Elisa y sus hermanos sin derecho a educaci\u00f3n"},"content":{"rendered":"\n<p>Yuridiana Sosa\/Zona Roja.<\/p>\n\n\n\n<p>Oaxaca de Ju\u00e1rez, Oax., 24 de agosto de 2020.- Mientras muchos ni\u00f1os y ni\u00f1as con los recursos necesarios permanecieron pegados esta ma\u00f1ana al celular, al televisor o a la computadora, otros tuvieron que vivir en la calle el primer d\u00eda de clases, vendiendo galletas y dulces.<\/p>\n\n\n\n<p>Es el caso de Elisa y sus dos hermanos, para quienes el inicio del ciclo escolar 2020-2021 pasa desapercibido, como ha ocurrido en ocasiones pasadas para ellos frecuentemente. Ellos trabajan como vendedores ambulantes en el z\u00f3calo de la capital.<\/p>\n\n\n\n<p>Una bolsa de dulces es con todo lo que la ni\u00f1a de seis a\u00f1os de edad cuenta para aprender matem\u00e1ticas. Trabajar como vendedora no es una opci\u00f3n, es una obligaci\u00f3n asumida para ayudar al sustento del hogar.<\/p>\n\n\n\n<figure class=\"wp-block-embed-twitter wp-block-embed is-type-rich is-provider-twitter\"><div class=\"wp-block-embed__wrapper\">\n<div class=\"twitter-tweet\"><blockquote class=\"twitter-tweet\" data-lang=\"es\"><p lang=\"es\" dir=\"ltr\">(1) Inicio de ciclo escolar sin clases. A\u00fan en la ciudad de <a href=\"https:\/\/twitter.com\/hashtag\/Oaxaca?src=hash&amp;ref_src=twsrc%5Etfw\">#Oaxaca<\/a>, muchos ni\u00f1os no pudieron comenzar sus estudios por falta de equipos, como el caso de <a href=\"https:\/\/twitter.com\/hashtag\/Elisa?src=hash&amp;ref_src=twsrc%5Etfw\">#Elisa<\/a>, que tiene que vender chocolates para sobrevivir, mientras su madre es comerciante ambulante. <a href=\"https:\/\/twitter.com\/SEP_mx?ref_src=twsrc%5Etfw\">@SEP_mx<\/a> <a href=\"https:\/\/twitter.com\/IEEPOGobOax?ref_src=twsrc%5Etfw\">@IEEPOGobOax<\/a> <a href=\"https:\/\/t.co\/z8y3k77tKE\">pic.twitter.com\/z8y3k77tKE<\/a><\/p>&mdash; Zona Roja Oaxaca (@MexRoja) <a href=\"https:\/\/twitter.com\/MexRoja\/status\/1298039573994336256?ref_src=twsrc%5Etfw\">24 de agosto de 2020<\/a><\/blockquote><\/div>\n<\/div><\/figure>\n\n\n\n<p>Para ella y sus hermanos, Eliezer de ocho y el otro de 12 a\u00f1os de edad, la educaci\u00f3n es un derecho al que no tienen acceso, a\u00fan sin pandemia por Covid-19, por falta de televisor, internet y computadora o celular.<\/p>\n\n\n\n<p>Ellos ayudan a su mam\u00e1, madre soltera que se ha hecho de un puesto informal en el z\u00f3calo.<\/p>\n\n\n\n<p>Este lunes mientras miles de ni\u00f1os comenzaron clases a distancia con el uso de computadora, celulares, tabletas o televisi\u00f3n, o miles m\u00e1s en Oaxaca esperan desde sus hogares el regreso, los tres hermanos trabajan.<\/p>\n\n\n\n<p>Elisa desconoce si estudiar\u00e1 la primaria, pero lo que sabe es que este 24 de agosto no podr\u00eda iniciar el a\u00f1o porque no tiene celular y la \u00fanica televisi\u00f3n en casa se descompuso, seg\u00fan cuenta la ni\u00f1a sobre las circunstancias en las que viven.<\/p>\n\n\n\n<figure class=\"wp-block-image size-large\"><img decoding=\"async\" width=\"640\" height=\"480\" src=\"http:\/\/www.zonaroja.com.mx\/wp-content\/uploads\/2020\/08\/IMG_2944.jpg\" alt=\"\" class=\"wp-image-16723\" srcset=\"https:\/\/zonaroja.com.mx\/wp-content\/uploads\/2020\/08\/IMG_2944.jpg 640w, https:\/\/zonaroja.com.mx\/wp-content\/uploads\/2020\/08\/IMG_2944-300x225.jpg 300w, https:\/\/zonaroja.com.mx\/wp-content\/uploads\/2020\/08\/IMG_2944-585x439.jpg 585w\" sizes=\"(max-width: 640px) 100vw, 640px\" \/><\/figure>\n\n\n\n<p>Sus maestras es la vida, la rutina del trabajo; el rechazo de la poblaci\u00f3n a una compra, las miradas que los discriminan, o de l\u00e1stima.<\/p>\n\n\n\n<p>Cada d\u00eda, junto a su madre y hermanos viajan de la agencia de San Mart\u00edn Mexic\u00e1pam de la capital, al Centro Hist\u00f3rico, donde la jornada laboral acaba cuando han obtenido el suficiente ingreso para sobrevivir por un d\u00eda m\u00e1s, pues con pandemia o sin pandemia tambi\u00e9n salen a trabajar.<\/p>\n\n\n\n<p>Como ellos, en cientos de comunidades oaxaque\u00f1as, tampoco pudieron iniciar las clases formales, por falta de televisor o internet, y debido a la lejan\u00eda de alguna ciudad o cabecera distrital, donde hay las herramientas tecnol\u00f3gicas.<\/p>\n\n\n\n<figure class=\"wp-block-embed-twitter wp-block-embed is-type-rich is-provider-twitter\"><div class=\"wp-block-embed__wrapper\">\n<div class=\"twitter-tweet\"><blockquote class=\"twitter-tweet\" data-lang=\"es\"><p lang=\"es\" dir=\"ltr\">(2) Inicio de ciclo escolar sin clases. El hermano de Elisa es Eliezer; ella de seis a\u00f1os y \u00e9l de nueve a\u00f1os de edad.Ambos deambulan por el z\u00f3calo y la Alameda de la ciudad de <a href=\"https:\/\/twitter.com\/hashtag\/Oaxaca?src=hash&amp;ref_src=twsrc%5Etfw\">#Oaxaca<\/a>,en comercio ambulante. No tienen tv ni celular para las clases a distancia<a href=\"https:\/\/twitter.com\/SEP_mx?ref_src=twsrc%5Etfw\">@SEP_mx<\/a> <a href=\"https:\/\/twitter.com\/IEEPOGobOax?ref_src=twsrc%5Etfw\">@IEEPOGobOax<\/a> <a href=\"https:\/\/t.co\/fn4o1ckS8G\">pic.twitter.com\/fn4o1ckS8G<\/a><\/p>&mdash; Zona Roja Oaxaca (@MexRoja) <a href=\"https:\/\/twitter.com\/MexRoja\/status\/1298042483629203456?ref_src=twsrc%5Etfw\">24 de agosto de 2020<\/a><\/blockquote><\/div>\n<\/div><\/figure>\n\n\n\n<p>Mientras tanto en las zonas urbanas, los m\u00e1s ocupados fueron los padres, los hermanos mayores, los abuelos, para apoyar al hijo o la hija en sus clases por tv o computadora o celular, medida a la que se opuso la Secci\u00f3n 22 del SNTE apoyar.<\/p>\n\n\n\n<p>Hasta el momento el Instituto Estatal de Educaci\u00f3n P\u00fablica de Oaxaca (IEEPO) no ha detallado en qu\u00e9 lugares y en qu\u00e9 porcentaje s\u00ed inici\u00f3 en ciclo escolar en la nueva normalidad.<\/p>\n","protected":false},"excerpt":{"rendered":"<p>Yuridiana Sosa\/Zona Roja. Oaxaca de Ju\u00e1rez, Oax., 24 de agosto de 2020.- Mientras muchos ni\u00f1os&hellip;<\/p>\n","protected":false},"author":2,"featured_media":16728,"comment_status":"closed","ping_status":"open","sticky":false,"template":"","format":"standard","meta":{"_lmt_disableupdate":"","_lmt_disable":"","_jetpack_memberships_contains_paid_content":false,"footnotes":""},"categories":[109,47],"tags":[1880],"class_list":["post-16722","post","type-post","status-publish","format-standard","has-post-thumbnail","hentry","category-minuto-a-minuto","category-zona-gris","tag-ciclo-escolar-2020-2021"],"jetpack_featured_media_url":"https:\/\/zonaroja.com.mx\/wp-content\/uploads\/2020\/08\/2b8f9d45-2fad-4c08-a832-3f24e6ee81d9.jpg","jetpack_sharing_enabled":true,"_links":{"self":[{"href":"https:\/\/zonaroja.com.mx\/index.php?rest_route=\/wp\/v2\/posts\/16722","targetHints":{"allow":["GET"]}}],"collection":[{"href":"https:\/\/zonaroja.com.mx\/index.php?rest_route=\/wp\/v2\/posts"}],"about":[{"href":"https:\/\/zonaroja.com.mx\/index.php?rest_route=\/wp\/v2\/types\/post"}],"author":[{"embeddable":true,"href":"https:\/\/zonaroja.com.mx\/index.php?rest_route=\/wp\/v2\/users\/2"}],"replies":[{"embeddable":true,"href":"https:\/\/zonaroja.com.mx\/index.php?rest_route=%2Fwp%2Fv2%2Fcomments&post=16722"}],"version-history":[{"count":3,"href":"https:\/\/zonaroja.com.mx\/index.php?rest_route=\/wp\/v2\/posts\/16722\/revisions"}],"predecessor-version":[{"id":16730,"href":"https:\/\/zonaroja.com.mx\/index.php?rest_route=\/wp\/v2\/posts\/16722\/revisions\/16730"}],"wp:featuredmedia":[{"embeddable":true,"href":"https:\/\/zonaroja.com.mx\/index.php?rest_route=\/wp\/v2\/media\/16728"}],"wp:attachment":[{"href":"https:\/\/zonaroja.com.mx\/index.php?rest_route=%2Fwp%2Fv2%2Fmedia&parent=16722"}],"wp:term":[{"taxonomy":"category","embeddable":true,"href":"https:\/\/zonaroja.com.mx\/index.php?rest_route=%2Fwp%2Fv2%2Fcategories&post=16722"},{"taxonomy":"post_tag","embeddable":true,"href":"https:\/\/zonaroja.com.mx\/index.php?rest_route=%2Fwp%2Fv2%2Ftags&post=16722"}],"curies":[{"name":"wp","href":"https:\/\/api.w.org\/{rel}","templated":true}]}}