{"id":16731,"date":"2020-08-24T19:56:43","date_gmt":"2020-08-25T00:56:43","guid":{"rendered":"http:\/\/www.zonaroja.com.mx\/?p=16731"},"modified":"2020-08-24T19:56:46","modified_gmt":"2020-08-25T00:56:46","slug":"ejecutan-en-oaxaca-a-lider-regional-del-fpr-tras-participar-en-protestas-sociales","status":"publish","type":"post","link":"https:\/\/zonaroja.com.mx\/?p=16731","title":{"rendered":"Ejecutan en Oaxaca a l\u00edder regional del FPR, tras participar en protestas sociales"},"content":{"rendered":"\n<p>Ismael Garc\u00eda M.\/Zona Roja.<\/p>\n\n\n\n<p>Oaxaca de Ju\u00e1rez, Oax., 24 de agosto de 2020.- Tom\u00e1s Mart\u00ednez Pinacho, dirigente regional del Frente Popular Revolucionario (FPR) en Miahuatl\u00e1n de Porfirio D\u00edaz, fue ejecutado a balazos la tarde de hoy en \u00c1nimas Trujano, municipio conurbado al sur de la ciudad de Oaxaca; otro de sus compa\u00f1eros result\u00f3 lesionado y trasladado a un hospital de la capital.<\/p>\n\n\n\n<p>Los hechos sucedieron alrededor de las 17:30 horas mientras degustaban sus alimentos en la taquer\u00eda \u201cLos Primos\u201d, a un costado de la carretera federal 175 Oaxaca-Puerto \u00c1ngel y cerca de diversos establecimientos comerciales.<\/p>\n\n\n\n<p>Sujetos armados arribaron al sitio y les dispararon de manera directa, tras lo cual huyeron presuntamente en motocicleta.<\/p>\n\n\n\n<figure class=\"wp-block-embed-twitter wp-block-embed is-type-rich is-provider-twitter\"><div class=\"wp-block-embed__wrapper\">\n<div class=\"twitter-tweet\"><blockquote class=\"twitter-tweet\" data-lang=\"es\"><p lang=\"es\" dir=\"ltr\"><a href=\"https:\/\/twitter.com\/hashtag\/%C3%9AltimoMinuto?src=hash&amp;ref_src=twsrc%5Etfw\">#\u00daltimoMinuto<\/a> <br>En el municipio de \u00c1nimas Trujano, conurbado a la capital de <a href=\"https:\/\/twitter.com\/hashtag\/Oaxaca?src=hash&amp;ref_src=twsrc%5Etfw\">#Oaxaca<\/a>, <a href=\"https:\/\/twitter.com\/hashtag\/ejecutan?src=hash&amp;ref_src=twsrc%5Etfw\">#ejecutan<\/a> esta tarde a balazos al dirigente del <a href=\"https:\/\/twitter.com\/FPR_OAXACA?ref_src=twsrc%5Etfw\">@FPR_OAXACA<\/a> en Miahuatl\u00e1n, Tom\u00e1s Mart\u00ednez; su compa\u00f1ero result\u00f3 lesionado y trasladado a un hospital. <a href=\"https:\/\/t.co\/OODUtNEGnB\">pic.twitter.com\/OODUtNEGnB<\/a><\/p>&mdash; Zona Roja Oaxaca (@MexRoja) <a href=\"https:\/\/twitter.com\/MexRoja\/status\/1298048477310722056?ref_src=twsrc%5Etfw\">25 de agosto de 2020<\/a><\/blockquote><\/div>\n<\/div><\/figure>\n\n\n\n<p>Ambas v\u00edctimas hab\u00edan participado en los bloqueos, marchas y mitin de este lunes con cientos de agremiados del FPR, tanto en el crucero al aeropuerto, cerca de \u00c1nimas Trunajo, as\u00ed como en el z\u00f3calo de la capital.<\/p>\n\n\n\n<p>La dirigencia del Frente Popular, que encabeza el profesor Macario Otalo Padilla, lament\u00f3 los sucesos violentos y culp\u00f3 de ello al gobernador Alejandro Murat y a su secretario de Finanzas, Vicente Mendoza T\u00e9llez.<\/p>\n\n\n\n<p>Inform\u00f3 que Tom\u00e1s Mart\u00ednes Pinacho era l\u00edder natural en la regi\u00f3n de la Sierra Sur y fue fundador de la organizaci\u00f3n Uni\u00f3n de Campesinos Pobres y del FPR.<\/p>\n\n\n\n<p>Tras el crimen, los agremiados destrozaron vidrios y tiraron vallas de la parte frontal del Palacio de Gobierno, frente al z\u00f3calo de la capital. Posteriormente instalaron bloqueos en la avenida Ju\u00e1rez de la ciudad as\u00ed como en la caseta de peaje de Huitzo, sobre la supercarretera Oaxaca-Cuacnopalan; prev\u00e9n intensificar sus protestas esta noche y en los d\u00edas siguientes.<\/p>\n\n\n\n<figure class=\"wp-block-embed-twitter wp-block-embed is-type-rich is-provider-twitter\"><div class=\"wp-block-embed__wrapper\">\n<div class=\"twitter-tweet\"><blockquote class=\"twitter-tweet\" data-lang=\"es\"><p lang=\"es\" dir=\"ltr\"><a href=\"https:\/\/twitter.com\/hashtag\/%C3%9AltimoMinuto?src=hash&amp;ref_src=twsrc%5Etfw\">#\u00daltimoMinuto<\/a> <br>Tras el asesinato hoy de un dirigente regional del <a href=\"https:\/\/twitter.com\/FPR_OAXACA?ref_src=twsrc%5Etfw\">@FPR_OAXACA<\/a> y un lesionado de bala, presuntos integrantes de la organizaci\u00f3n tiraron vallas y rompieron vidrios del palacio del <a href=\"https:\/\/twitter.com\/GobOax?ref_src=twsrc%5Etfw\">@GobOax<\/a>, frente al z\u00f3calo. <a href=\"https:\/\/t.co\/I99JC03Dmt\">pic.twitter.com\/I99JC03Dmt<\/a><\/p>&mdash; Zona Roja Oaxaca (@MexRoja) <a href=\"https:\/\/twitter.com\/MexRoja\/status\/1298053886024929280?ref_src=twsrc%5Etfw\">25 de agosto de 2020<\/a><\/blockquote><\/div>\n<\/div><\/figure>\n","protected":false},"excerpt":{"rendered":"<p>Ismael Garc\u00eda M.\/Zona Roja. Oaxaca de Ju\u00e1rez, Oax., 24 de agosto de 2020.- Tom\u00e1s Mart\u00ednez&hellip;<\/p>\n","protected":false},"author":2,"featured_media":16732,"comment_status":"closed","ping_status":"open","sticky":false,"template":"","format":"standard","meta":{"_lmt_disableupdate":"","_lmt_disable":"","_jetpack_memberships_contains_paid_content":false,"footnotes":""},"categories":[109,51],"tags":[1687,1954],"class_list":["post-16731","post","type-post","status-publish","format-standard","has-post-thumbnail","hentry","category-minuto-a-minuto","category-zona-roja","tag-frente-popular-revolucionario-fpr","tag-tomas-martinez-pinacho"],"jetpack_featured_media_url":"https:\/\/zonaroja.com.mx\/wp-content\/uploads\/2020\/08\/Asesinados-FPR-Tomas-Martinez-Pinacho.jpg","jetpack_sharing_enabled":true,"_links":{"self":[{"href":"https:\/\/zonaroja.com.mx\/index.php?rest_route=\/wp\/v2\/posts\/16731","targetHints":{"allow":["GET"]}}],"collection":[{"href":"https:\/\/zonaroja.com.mx\/index.php?rest_route=\/wp\/v2\/posts"}],"about":[{"href":"https:\/\/zonaroja.com.mx\/index.php?rest_route=\/wp\/v2\/types\/post"}],"author":[{"embeddable":true,"href":"https:\/\/zonaroja.com.mx\/index.php?rest_route=\/wp\/v2\/users\/2"}],"replies":[{"embeddable":true,"href":"https:\/\/zonaroja.com.mx\/index.php?rest_route=%2Fwp%2Fv2%2Fcomments&post=16731"}],"version-history":[{"count":1,"href":"https:\/\/zonaroja.com.mx\/index.php?rest_route=\/wp\/v2\/posts\/16731\/revisions"}],"predecessor-version":[{"id":16733,"href":"https:\/\/zonaroja.com.mx\/index.php?rest_route=\/wp\/v2\/posts\/16731\/revisions\/16733"}],"wp:featuredmedia":[{"embeddable":true,"href":"https:\/\/zonaroja.com.mx\/index.php?rest_route=\/wp\/v2\/media\/16732"}],"wp:attachment":[{"href":"https:\/\/zonaroja.com.mx\/index.php?rest_route=%2Fwp%2Fv2%2Fmedia&parent=16731"}],"wp:term":[{"taxonomy":"category","embeddable":true,"href":"https:\/\/zonaroja.com.mx\/index.php?rest_route=%2Fwp%2Fv2%2Fcategories&post=16731"},{"taxonomy":"post_tag","embeddable":true,"href":"https:\/\/zonaroja.com.mx\/index.php?rest_route=%2Fwp%2Fv2%2Ftags&post=16731"}],"curies":[{"name":"wp","href":"https:\/\/api.w.org\/{rel}","templated":true}]}}