{"id":16739,"date":"2020-08-24T21:54:45","date_gmt":"2020-08-25T02:54:45","guid":{"rendered":"http:\/\/www.zonaroja.com.mx\/?p=16739"},"modified":"2020-08-24T21:54:49","modified_gmt":"2020-08-25T02:54:49","slug":"condena-el-diputado-horacio-sosa-el-asesinato-del-dirigente-del-fpr-exige-justicia","status":"publish","type":"post","link":"https:\/\/zonaroja.com.mx\/?p=16739","title":{"rendered":"Condena el diputado Horacio Sosa el asesinato del dirigente del FPR; exige justicia"},"content":{"rendered":"\n<p>Redacci\u00f3n\/Zona Roja.<\/p>\n\n\n\n<p>Oaxaca de Ju\u00e1rez, Oax., 24 de agosto de 2020. El presidente de la Junta de Coordinaci\u00f3n Pol\u00edtica (Jucopo) de la 64 Legislatura del Congreso de Oaxaca, Horacio Sosa Villavicencio, conden\u00f3 el asesinato del dirigente del Frente Popular Revolucionario (FPR) en Miahuatl\u00e1n de Porfirio D\u00edaz, Tom\u00e1s Mart\u00ednez Pinacho.<\/p>\n\n\n\n<p>Pidi\u00f3 a las autoridades se act\u00fae conforme a la ley y se castigue a los responsables de este hecho generado.<\/p>\n\n\n\n<p>El legislador por el Partido Morena, exigi\u00f3 al fiscal General del Estado de Oaxaca, Rub\u00e9n Vasconcelos M\u00e9ndez, realizar las investigaciones necesarias y esclarecer el asesinato del l\u00edder del FPR.<\/p>\n\n\n\n<p>De igual forma, demand\u00f3 al Gobernador del Estado, Alejandro Murat Hinojosa, garantizar el derecho a la seguridad de las y los ciudadanos en la entidad.<\/p>\n\n\n\n<figure class=\"wp-block-embed-twitter wp-block-embed is-type-rich is-provider-twitter\"><div class=\"wp-block-embed__wrapper\">\n<div class=\"twitter-tweet\"><blockquote class=\"twitter-tweet\" data-lang=\"es\"><p lang=\"es\" dir=\"ltr\">Condeno el asesinato de <a href=\"https:\/\/twitter.com\/hashtag\/Tom%C3%A1sMart%C3%ADnez?src=hash&amp;ref_src=twsrc%5Etfw\">#Tom\u00e1sMart\u00ednez<\/a>, dirigente de la <a href=\"https:\/\/twitter.com\/hashtag\/FPR?src=hash&amp;ref_src=twsrc%5Etfw\">#FPR<\/a> de <a href=\"https:\/\/twitter.com\/hashtag\/Miahutl%C3%A1n?src=hash&amp;ref_src=twsrc%5Etfw\">#Miahutl\u00e1n<\/a>. <br>El crimen ocurrido en <a href=\"https:\/\/twitter.com\/hashtag\/%C3%81nimasTrujano?src=hash&amp;ref_src=twsrc%5Etfw\">#\u00c1nimasTrujano<\/a> no puede sumarse a la larga lista de impunidad en <a href=\"https:\/\/twitter.com\/hashtag\/Oaxaca?src=hash&amp;ref_src=twsrc%5Etfw\">#Oaxaca<\/a>. <br>Solicito a la <a href=\"https:\/\/twitter.com\/FISCALIA_GobOax?ref_src=twsrc%5Etfw\">@FISCALIA_GobOax<\/a>, a cargo de <a href=\"https:\/\/twitter.com\/RVasconcelosM?ref_src=twsrc%5Etfw\">@RVasconcelosM<\/a>, investigue este hecho. <a href=\"https:\/\/twitter.com\/alejandromurat?ref_src=twsrc%5Etfw\">@alejandromurat<\/a><\/p>&mdash; Horacio Sosa (@HoracioSosaOax) <a href=\"https:\/\/twitter.com\/HoracioSosaOax\/status\/1298073898546688000?ref_src=twsrc%5Etfw\">25 de agosto de 2020<\/a><\/blockquote><\/div>\n<\/div><\/figure>\n\n\n\n<p>\u201cEs lamentable que el estado vuelva a ser el centro de atenci\u00f3n por un acto tan cobarde y que no se tengan las garant\u00edas necesarias para que cualquier ciudadano pueda gozar de seguridad y tranquilidad\u201d dijo el diputado Horacio Sosa Villavicencio.<\/p>\n\n\n\n<p>El presidente de la Jucopo, expres\u00f3 su m\u00e1s sentido p\u00e9same a la familia del acaecido, originario de la Sierra Sur, quien dijo es un referente por haber sido sensible a las injusticias sociales, una persona firme de convicciones y comprometida con el pueblo.<\/p>\n\n\n\n<p>El asesinato del luchador social, Tom\u00e1s Mart\u00ednez Pinacho, se registr\u00f3 la tarde de este lunes en el municipio de Animas Trujano, cercano a la ciudad de Oaxaca localizado a unos metros del cuartel de la Polic\u00eda Preventiva.<\/p>\n\n\n\n<p>Lo anterior, luego de que esta ma\u00f1ana encabezara una marcha en la capital oaxaque\u00f1a, en donde se exig\u00eda justicia por la muerte de su compa\u00f1ero Miguel \u00c1ngel Brena en el municipio de Miahuatl\u00e1n, ejecutado el 23 de mayo de este a\u00f1o.<\/p>\n","protected":false},"excerpt":{"rendered":"<p>Redacci\u00f3n\/Zona Roja. Oaxaca de Ju\u00e1rez, Oax., 24 de agosto de 2020. El presidente de la&hellip;<\/p>\n","protected":false},"author":2,"featured_media":16740,"comment_status":"closed","ping_status":"open","sticky":false,"template":"","format":"standard","meta":{"_lmt_disableupdate":"","_lmt_disable":"","_jetpack_memberships_contains_paid_content":false,"footnotes":""},"categories":[109,47],"tags":[444],"class_list":["post-16739","post","type-post","status-publish","format-standard","has-post-thumbnail","hentry","category-minuto-a-minuto","category-zona-gris","tag-horacio-sosa-villavicencio"],"jetpack_featured_media_url":"https:\/\/zonaroja.com.mx\/wp-content\/uploads\/2020\/08\/Horacio-Sosa-Villavicencio.jpg","jetpack_sharing_enabled":true,"_links":{"self":[{"href":"https:\/\/zonaroja.com.mx\/index.php?rest_route=\/wp\/v2\/posts\/16739","targetHints":{"allow":["GET"]}}],"collection":[{"href":"https:\/\/zonaroja.com.mx\/index.php?rest_route=\/wp\/v2\/posts"}],"about":[{"href":"https:\/\/zonaroja.com.mx\/index.php?rest_route=\/wp\/v2\/types\/post"}],"author":[{"embeddable":true,"href":"https:\/\/zonaroja.com.mx\/index.php?rest_route=\/wp\/v2\/users\/2"}],"replies":[{"embeddable":true,"href":"https:\/\/zonaroja.com.mx\/index.php?rest_route=%2Fwp%2Fv2%2Fcomments&post=16739"}],"version-history":[{"count":1,"href":"https:\/\/zonaroja.com.mx\/index.php?rest_route=\/wp\/v2\/posts\/16739\/revisions"}],"predecessor-version":[{"id":16741,"href":"https:\/\/zonaroja.com.mx\/index.php?rest_route=\/wp\/v2\/posts\/16739\/revisions\/16741"}],"wp:featuredmedia":[{"embeddable":true,"href":"https:\/\/zonaroja.com.mx\/index.php?rest_route=\/wp\/v2\/media\/16740"}],"wp:attachment":[{"href":"https:\/\/zonaroja.com.mx\/index.php?rest_route=%2Fwp%2Fv2%2Fmedia&parent=16739"}],"wp:term":[{"taxonomy":"category","embeddable":true,"href":"https:\/\/zonaroja.com.mx\/index.php?rest_route=%2Fwp%2Fv2%2Fcategories&post=16739"},{"taxonomy":"post_tag","embeddable":true,"href":"https:\/\/zonaroja.com.mx\/index.php?rest_route=%2Fwp%2Fv2%2Ftags&post=16739"}],"curies":[{"name":"wp","href":"https:\/\/api.w.org\/{rel}","templated":true}]}}