{"id":16742,"date":"2020-08-24T22:28:08","date_gmt":"2020-08-25T03:28:08","guid":{"rendered":"http:\/\/www.zonaroja.com.mx\/?p=16742"},"modified":"2020-08-24T22:28:32","modified_gmt":"2020-08-25T03:28:32","slug":"exige-fpr-exige-salida-de-titulares-de-finanzas-y-fiscalia-asi-como-edil-de-miahuatlan","status":"publish","type":"post","link":"https:\/\/zonaroja.com.mx\/?p=16742","title":{"rendered":"Exige FPR salida de titulares de Finanzas y Fiscal\u00eda, as\u00ed como de edil de Miahuatl\u00e1n"},"content":{"rendered":"\n<p>Ismael Garc\u00eda M.\/Zona Roja.<\/p>\n\n\n\n<p>Oaxaca de Ju\u00e1rez, Oax., 24 de agosto de 2020.- Tras el asesinato del l\u00edder regional del Frente Popular Revolucionario (FPR), Tom\u00e1s Mart\u00ednez Pinacho, la dirigencia estatal de la organizaci\u00f3n pidi\u00f3 la salida inmediata del fiscal Rub\u00e9n Vasconcelos, del secretario de Finanzas, Vicente Mendoza T\u00e9llez, y de Genaro Hern\u00e1ndez, edil de Miahuatl\u00e1n.<\/p>\n\n\n\n<p>\u201cEllos son los autores materiales e intelectuales de este asesinato; cuando el compa\u00f1ero se retir\u00f3 del z\u00f3calo (tras las protestas), los mismos polic\u00edas de la puerta del Palacio le tomaron fotos de la camioneta y a \u00e9l, y minutos despu\u00e9s el compa\u00f1ero es asesinado.<\/p>\n\n\n\n<p>\u201cNo nos pueden decir que la orden no sali\u00f3 de Palacio, son ellos los asesinos, y si es as\u00ed, queda claro para el FPR y para todas las organizaciones en el estado de Oaxaca, que la casa de Murat, aliada con la Cuarta Transformaci\u00f3n, han decidido imponer a sangre y fuego los megaproyectos y la explotaci\u00f3n de los recursos naturales\u201d, dijo Macario Otalo Padilla.<\/p>\n\n\n\n<p>\u201cLos hacemos responsables de cualquier otra agresi\u00f3n, exigimos justicia y no descansaremos hasta que haya justicia. Llamamos a las organizaciones sociales y de derechos humanos, nacional y estatal, a condenar este tipo de asesinatos\u201d, manifest\u00f3, durante el mitin conferencia efectuado esta noche frente a la Casa Oficial de Gobierno, en la ciudad capital.<\/p>\n\n\n\n<figure class=\"wp-block-embed-twitter wp-block-embed is-type-rich is-provider-twitter\"><div class=\"wp-block-embed__wrapper\">\n<div class=\"twitter-tweet\"><blockquote class=\"twitter-tweet\" data-lang=\"es\"><p lang=\"es\" dir=\"ltr\"><a href=\"https:\/\/twitter.com\/hashtag\/%C3%9AltimoMinuto?src=hash&amp;ref_src=twsrc%5Etfw\">#\u00daltimoMinuto<\/a><br>Tras el crimen del l\u00edder en Miahuatl\u00e1n, la dirigencia del <a href=\"https:\/\/twitter.com\/FPR_OAXACA?ref_src=twsrc%5Etfw\">@FPR_OAXACA<\/a> exigi\u00f3 la renuncia del fiscal <a href=\"https:\/\/twitter.com\/RVasconcelosM?ref_src=twsrc%5Etfw\">@RVasconcelosM<\/a>, del secretario de <a href=\"https:\/\/twitter.com\/SEFINGobOax?ref_src=twsrc%5Etfw\">@SEFINGobOax<\/a>, <a href=\"https:\/\/twitter.com\/VMendozaTG?ref_src=twsrc%5Etfw\">@VMendozaTG<\/a>, y del edil de Miahuatl\u00e1n, Genaro Hern\u00e1ndez, a quienes culpa de los hechos violentos. <a href=\"https:\/\/t.co\/QRUb1j3RJ6\">pic.twitter.com\/QRUb1j3RJ6<\/a><\/p>&mdash; Zona Roja Oaxaca (@MexRoja) <a href=\"https:\/\/twitter.com\/MexRoja\/status\/1298072884032598016?ref_src=twsrc%5Etfw\">25 de agosto de 2020<\/a><\/blockquote><\/div>\n<\/div><\/figure>\n\n\n\n<p>CONDENA DE MORENA<\/p>\n\n\n\n<p>Por su parte, a nombre del Partido Morena, la secretaria General, Elizabeth Reyes Nolasco, conden\u00f3 en\u00e9rgicamente el asesinato, \u201cque se suma a una ya larga lista de otros cometidos contra activistas sociales, incluido militantes, dirigentes y candidatos de Morena, sobre los que persiste la impunidad.<\/p>\n\n\n\n<p>\u201cDe manera reiterada, la Fiscal\u00eda General del Estado se ha negado a investigar la posibilidad de que sean homicidios hayan sido derivado de sus actividades pol\u00edticas.<\/p>\n\n\n\n<p>\u201cEl Comit\u00e9 Ejecutivo demanda a la Fiscal\u00eda investigaci\u00f3n pronta, expedita, completa e imparcial, que agote exhaustivamente la hip\u00f3tesis del asesinato pol\u00edtico, que lleve ante la justicia a los autores materiales e intelectuales de este crimen.<\/p>\n\n\n\n<p>\u201cNo debemos permitir que la impunidad sobre estos asesinatos env\u00ede a los criminales la se\u00f1al que tienen permiso en el Estado. El activismo desde la izquierda no debe ser una condena de muerte. No tiene por qu\u00e9 serlo\u201d, manifest\u00f3 a trav\u00e9s de un comunicado.<\/p>\n","protected":false},"excerpt":{"rendered":"<p>Ismael Garc\u00eda M.\/Zona Roja. Oaxaca de Ju\u00e1rez, Oax., 24 de agosto de 2020.- Tras el&hellip;<\/p>\n","protected":false},"author":2,"featured_media":16743,"comment_status":"closed","ping_status":"open","sticky":false,"template":"","format":"standard","meta":{"_lmt_disableupdate":"","_lmt_disable":"","_jetpack_memberships_contains_paid_content":false,"footnotes":""},"categories":[109,47],"tags":[1687],"class_list":["post-16742","post","type-post","status-publish","format-standard","has-post-thumbnail","hentry","category-minuto-a-minuto","category-zona-gris","tag-frente-popular-revolucionario-fpr"],"jetpack_featured_media_url":"https:\/\/zonaroja.com.mx\/wp-content\/uploads\/2020\/08\/Conferencia-FPR.jpg","jetpack_sharing_enabled":true,"_links":{"self":[{"href":"https:\/\/zonaroja.com.mx\/index.php?rest_route=\/wp\/v2\/posts\/16742","targetHints":{"allow":["GET"]}}],"collection":[{"href":"https:\/\/zonaroja.com.mx\/index.php?rest_route=\/wp\/v2\/posts"}],"about":[{"href":"https:\/\/zonaroja.com.mx\/index.php?rest_route=\/wp\/v2\/types\/post"}],"author":[{"embeddable":true,"href":"https:\/\/zonaroja.com.mx\/index.php?rest_route=\/wp\/v2\/users\/2"}],"replies":[{"embeddable":true,"href":"https:\/\/zonaroja.com.mx\/index.php?rest_route=%2Fwp%2Fv2%2Fcomments&post=16742"}],"version-history":[{"count":2,"href":"https:\/\/zonaroja.com.mx\/index.php?rest_route=\/wp\/v2\/posts\/16742\/revisions"}],"predecessor-version":[{"id":16745,"href":"https:\/\/zonaroja.com.mx\/index.php?rest_route=\/wp\/v2\/posts\/16742\/revisions\/16745"}],"wp:featuredmedia":[{"embeddable":true,"href":"https:\/\/zonaroja.com.mx\/index.php?rest_route=\/wp\/v2\/media\/16743"}],"wp:attachment":[{"href":"https:\/\/zonaroja.com.mx\/index.php?rest_route=%2Fwp%2Fv2%2Fmedia&parent=16742"}],"wp:term":[{"taxonomy":"category","embeddable":true,"href":"https:\/\/zonaroja.com.mx\/index.php?rest_route=%2Fwp%2Fv2%2Fcategories&post=16742"},{"taxonomy":"post_tag","embeddable":true,"href":"https:\/\/zonaroja.com.mx\/index.php?rest_route=%2Fwp%2Fv2%2Ftags&post=16742"}],"curies":[{"name":"wp","href":"https:\/\/api.w.org\/{rel}","templated":true}]}}