{"id":1675,"date":"2019-06-17T22:36:56","date_gmt":"2019-06-18T03:36:56","guid":{"rendered":"http:\/\/www.zonaroja.com.mx\/?p=1675"},"modified":"2019-12-29T13:25:07","modified_gmt":"2019-12-29T19:25:07","slug":"edil-exhibe-al-gobierno-de-oaxaca-ante-lopez-obrador","status":"publish","type":"post","link":"https:\/\/zonaroja.com.mx\/?p=1675","title":{"rendered":"Edil exhibe al gobierno de Oaxaca ante L\u00f3pez Obrador"},"content":{"rendered":"\n<p>Redacci\u00f3n<\/p>\n\n\n\n<p>Oaxaca de\nJu\u00e1rez, Oax., 17 de junio de 2019.- En la misma tribuna que el gobernador\nAlejandro Murat Hinojosa figur\u00f3 el pasado viernes para dar el respaldo al plan\nmigratorio de Andr\u00e9s Manuel L\u00f3pez Obrador, fue exhibido este lunes.<\/p>\n\n\n\n<p>\u201cMuchos\nmunicipios de mi estado est\u00e1n siendo olvidados por nuestro gobierno. Se\u00f1or Presidente,\nal hacer uso de esta palabra quiero tambi\u00e9n el apoyo para mis hermanos de los\nmunicipios vecinos, que igual est\u00e1n siendo olvidados por el estado.<\/p>\n\n\n\n<p>\u201cHemos estado\npeleando por recursos para hacer obras en el municipio, pero el mismo estado\nest\u00e1 poniendo trabas para no poder trabajar\u201d. Ese fue el reclamo del presidente\nmunicipal de Santa Mar\u00eda Zaniza, Manuel Crist\u00f3bal V\u00e1squez, la ma\u00f1ana de hoy.<\/p>\n\n\n\n<p>La autoridad\nde ese municipio de la regi\u00f3n Sierra Sur, al igual que Santos Reyes Yucun\u00e1, el\nmunicipio m\u00e1s pobre de M\u00e9xico, recibieron este viernes recursos de manos de\nL\u00f3pez Obrador.<\/p>\n\n\n\n<p>Durante la\nconferencia ma\u00f1anera les fueron entregados dos cheques por 12.8 millones de\npesos para cada uno, a fin de ejecutar obras prioritarias.<\/p>\n\n\n\n<p>El dinero es\nparte de los recursos obtenidos en la pasada Subasta a Martillo de veh\u00edculos,\nrealizada en el Centro Cultural Los Pinos, por parte del Servicio de\nAdministraci\u00f3n y Enajenaci\u00f3n de Bienes.<\/p>\n\n\n\n<p>Fue el\npasado 26 de mayo en que se llev\u00f3 a cabo la subasta, donde se vendieron 65\nlotes, integrados por veh\u00edculos, transferidos por la Fiscal\u00eda General de la\nRep\u00fablica y algunos que formaron parte de la flotilla oficial de la Presidencia\nde la Rep\u00fablica.<\/p>\n\n\n\n<p>\u201cConforme a\nlas instrucciones del se\u00f1or Presidente de dar un destino transparente, expedito\ny con sentido social a los bienes asegurados que maneja el Instituto para\nDevolverle al Pueblo lo Robado, entregamos hoy los dos cheques, tanto a los\nrepresentantes de Santa Mar\u00eda Zaniza, como de Santos Reyes Yucun\u00e1, dos\nmunicipios de muy alta marginaci\u00f3n en Oaxaca. <\/p>\n\n\n\n<p>\u201cEn asamblea\ncomunitaria, que es el m\u00e1ximo \u00f3rgano deliberativo (para municipios de usos y\ncostumbres), ellos han decidido a qu\u00e9 destinar los recursos\u201d, asegur\u00f3 Ricardo\nRodr\u00edguez Vargas, director general del organismo.<\/p>\n\n\n\n<p>L\u00f3pez\nObrador inform\u00f3 que seguir\u00e1 cumpliendo con hechos su compromiso de respaldar a\nlos pueblos ind\u00edgenas, a trav\u00e9s de obras y acciones, as\u00ed como de respeto a sus\ncostumbres y tradiciones.<\/p>\n\n\n\n<p>\u201cEspero que\nno se olvide de mi municipio, le externo una invitaci\u00f3n para que vaya, para que\nmi pueblo de su propia voz le d\u00e9 las gracias. Estamos viendo la Cuarta\nTransformaci\u00f3n, gobiernos anteriores ni si quiera se acuerda de nuestro\nmunicipio\u201d, termin\u00f3 el edil de Zaniza.<\/p>\n","protected":false},"excerpt":{"rendered":"<p>Redacci\u00f3n Oaxaca de Ju\u00e1rez, Oax., 17 de junio de 2019.- En la misma tribuna que&hellip;<\/p>\n","protected":false},"author":2,"featured_media":0,"comment_status":"closed","ping_status":"open","sticky":false,"template":"","format":"standard","meta":{"_lmt_disableupdate":"","_lmt_disable":"","_jetpack_memberships_contains_paid_content":false,"footnotes":""},"categories":[109,47],"tags":[143,144,58,141,142],"class_list":["post-1675","post","type-post","status-publish","format-standard","hentry","category-minuto-a-minuto","category-zona-gris","tag-andres-manuel-lopez-obrador","tag-conferencia-mananera","tag-oaxaca","tag-santa-maria-zaniza","tag-santos-reyes-yucuna"],"jetpack_featured_media_url":"","jetpack_sharing_enabled":true,"_links":{"self":[{"href":"https:\/\/zonaroja.com.mx\/index.php?rest_route=\/wp\/v2\/posts\/1675","targetHints":{"allow":["GET"]}}],"collection":[{"href":"https:\/\/zonaroja.com.mx\/index.php?rest_route=\/wp\/v2\/posts"}],"about":[{"href":"https:\/\/zonaroja.com.mx\/index.php?rest_route=\/wp\/v2\/types\/post"}],"author":[{"embeddable":true,"href":"https:\/\/zonaroja.com.mx\/index.php?rest_route=\/wp\/v2\/users\/2"}],"replies":[{"embeddable":true,"href":"https:\/\/zonaroja.com.mx\/index.php?rest_route=%2Fwp%2Fv2%2Fcomments&post=1675"}],"version-history":[{"count":1,"href":"https:\/\/zonaroja.com.mx\/index.php?rest_route=\/wp\/v2\/posts\/1675\/revisions"}],"predecessor-version":[{"id":1677,"href":"https:\/\/zonaroja.com.mx\/index.php?rest_route=\/wp\/v2\/posts\/1675\/revisions\/1677"}],"wp:attachment":[{"href":"https:\/\/zonaroja.com.mx\/index.php?rest_route=%2Fwp%2Fv2%2Fmedia&parent=1675"}],"wp:term":[{"taxonomy":"category","embeddable":true,"href":"https:\/\/zonaroja.com.mx\/index.php?rest_route=%2Fwp%2Fv2%2Fcategories&post=1675"},{"taxonomy":"post_tag","embeddable":true,"href":"https:\/\/zonaroja.com.mx\/index.php?rest_route=%2Fwp%2Fv2%2Ftags&post=1675"}],"curies":[{"name":"wp","href":"https:\/\/api.w.org\/{rel}","templated":true}]}}