{"id":16753,"date":"2020-08-25T08:05:40","date_gmt":"2020-08-25T13:05:40","guid":{"rendered":"http:\/\/www.zonaroja.com.mx\/?p=16753"},"modified":"2020-08-25T08:05:43","modified_gmt":"2020-08-25T13:05:43","slug":"inicia-diputado-jornada-de-reforestacion-en-valles-centrales-de-oaxaca","status":"publish","type":"post","link":"https:\/\/zonaroja.com.mx\/?p=16753","title":{"rendered":"Inicia diputado jornada de reforestaci\u00f3n en Valles Centrales de Oaxaca"},"content":{"rendered":"\n<p>Redacci\u00f3n\/Zona Roja.<\/p>\n\n\n\n<p>Oaxaca de Ju\u00e1rez, Oax., 25 de agosto de 2020.- El diputado Horacio Sosa Villavicencio inici\u00f3 la jornada de reforestaci\u00f3n denominada \u201cHoy siembra vida\u201d, en la que m\u00e1s 30 mil \u00e1rboles end\u00e9micos como Huam\u00fachil y Jacarandas, ser\u00e1n sembrados en 38 municipios, con la finalidad de que se adapten a ecosistemas de los Valles Centrales.<\/p>\n\n\n\n<p>En el inicio de esta actividad, el tambi\u00e9n coordinador de los diputados de Morena en el Congreso local, extern\u00f3 que se trata de un esfuerzo conjunto entre autoridades municipales y la sociedad civil, con quienes de busca sumar acciones para recuperar el entorno verde de nuestras comunidades.<\/p>\n\n\n\n<p>En este sentido, dijo que todas y todos tenemos la responsabilidad de estar al pendiente de estos ejemplares.<\/p>\n\n\n\n<p>\u201cVamos a supervisar de manera conjunta y daremos seguimiento puntual al desarrollo de esos \u00e1rboles, para lograr su crecimiento y reforzar los ecosistemas de nuestros pueblos\u201d, puntualiz\u00f3 el legislador.<\/p>\n\n\n\n<p>Horacio Sosa se\u00f1al\u00f3 que estas acciones de reforestaci\u00f3n se suman a la entrega de utensilios reutilizables al mismo n\u00famero de municipios del distrito 16, una estrategia que busca frenar el uso de desechables de pl\u00e1stico y unicel, que por d\u00e9cadas han da\u00f1ado al medio ambiente.<\/p>\n\n\n\n<p>Finalmente, el representante popular, asegur\u00f3 que continuar\u00e1n en los distintos municipios realizando estas jornadas de reforestaci\u00f3n acompa\u00f1ados de las familias oaxaque\u00f1as, con quienes cuidar\u00e1n estos nuevos \u00e1rboles sembrados.<\/p>\n\n\n\n<p>El diputado por Morena fue el promotor de la ley que proh\u00edbe la venta y distribuci\u00f3n del PET as\u00ed como utensilios desechables, una ley que entrar\u00e1 en vigor para las empresas el pr\u00f3ximo 25 de octubre.<\/p>\n","protected":false},"excerpt":{"rendered":"<p>Redacci\u00f3n\/Zona Roja. Oaxaca de Ju\u00e1rez, Oax., 25 de agosto de 2020.- El diputado Horacio Sosa&hellip;<\/p>\n","protected":false},"author":2,"featured_media":16754,"comment_status":"closed","ping_status":"open","sticky":false,"template":"","format":"standard","meta":{"_lmt_disableupdate":"","_lmt_disable":"","_jetpack_memberships_contains_paid_content":false,"footnotes":""},"categories":[109,46],"tags":[444],"class_list":["post-16753","post","type-post","status-publish","format-standard","has-post-thumbnail","hentry","category-minuto-a-minuto","category-zona-blanca","tag-horacio-sosa-villavicencio"],"jetpack_featured_media_url":"https:\/\/zonaroja.com.mx\/wp-content\/uploads\/2020\/08\/Inicia-Dip.-Horacio-Sosa-jornada.jpeg","jetpack_sharing_enabled":true,"_links":{"self":[{"href":"https:\/\/zonaroja.com.mx\/index.php?rest_route=\/wp\/v2\/posts\/16753","targetHints":{"allow":["GET"]}}],"collection":[{"href":"https:\/\/zonaroja.com.mx\/index.php?rest_route=\/wp\/v2\/posts"}],"about":[{"href":"https:\/\/zonaroja.com.mx\/index.php?rest_route=\/wp\/v2\/types\/post"}],"author":[{"embeddable":true,"href":"https:\/\/zonaroja.com.mx\/index.php?rest_route=\/wp\/v2\/users\/2"}],"replies":[{"embeddable":true,"href":"https:\/\/zonaroja.com.mx\/index.php?rest_route=%2Fwp%2Fv2%2Fcomments&post=16753"}],"version-history":[{"count":1,"href":"https:\/\/zonaroja.com.mx\/index.php?rest_route=\/wp\/v2\/posts\/16753\/revisions"}],"predecessor-version":[{"id":16755,"href":"https:\/\/zonaroja.com.mx\/index.php?rest_route=\/wp\/v2\/posts\/16753\/revisions\/16755"}],"wp:featuredmedia":[{"embeddable":true,"href":"https:\/\/zonaroja.com.mx\/index.php?rest_route=\/wp\/v2\/media\/16754"}],"wp:attachment":[{"href":"https:\/\/zonaroja.com.mx\/index.php?rest_route=%2Fwp%2Fv2%2Fmedia&parent=16753"}],"wp:term":[{"taxonomy":"category","embeddable":true,"href":"https:\/\/zonaroja.com.mx\/index.php?rest_route=%2Fwp%2Fv2%2Fcategories&post=16753"},{"taxonomy":"post_tag","embeddable":true,"href":"https:\/\/zonaroja.com.mx\/index.php?rest_route=%2Fwp%2Fv2%2Ftags&post=16753"}],"curies":[{"name":"wp","href":"https:\/\/api.w.org\/{rel}","templated":true}]}}