{"id":16756,"date":"2020-08-25T08:19:12","date_gmt":"2020-08-25T13:19:12","guid":{"rendered":"http:\/\/www.zonaroja.com.mx\/?p=16756"},"modified":"2020-08-25T08:19:15","modified_gmt":"2020-08-25T13:19:15","slug":"sigue-alerta-mundial-por-covid-en-hong-kong-un-reinfectado","status":"publish","type":"post","link":"https:\/\/zonaroja.com.mx\/?p=16756","title":{"rendered":"Sigue alerta mundial por Covid; en Hong Kong, un reinfectado"},"content":{"rendered":"\n<p>Redacci\u00f3n\/Zona Roja Cdmx.<\/p>\n\n\n\n<p>Ciudad de M\u00e9xico, 25 de agosto de 2020.- El nuevo coronavirus sigue causando alerta mundial a m\u00e1s de ocho meses del surgimiento del primer caso en China; ayer, de manera in\u00e9dita, se volvi\u00f3 a encender la alerta sanitaria luego de que Hong Kong registrara el primer caso de un recontagiado de coronavirus.<\/p>\n\n\n\n<p>Se trata de un hombre de 33 a\u00f1os, reci\u00e9n llegado de Espa\u00f1a y que ya hab\u00eda sufrido del virus en abril pasado.<\/p>\n\n\n\n<p>Mientras tanto, hasta ayer, la enfermedad dej\u00f3 810 mil 340 decesos, 23 millones 531 mil 273 contagiados y 15 millones 215 mil 811 recuperados a nivel global, seg\u00fan un conteo de la Universidad Johns Hopkins.<\/p>\n\n\n\n<p>Justo cuando millones de ni\u00f1os regresan a clases, la OMS recomend\u00f3 que los menores entre seis y 11 a\u00f1os usen mascarillas en casos donde la transmisi\u00f3n de Covid-19 sea extensa en donde viven o si tienen enfermedades respiratorias.<\/p>\n\n\n\n<p>El primer ministro brit\u00e1nico, Boris Johnson, llam\u00f3 a padres y profesores a cumplir con la obligaci\u00f3n moral de garantizar que los alumnos regresen a las aulas en septiembre, y su gobierno no descart\u00f3 imponer multas, pese a los 2 mil 400 nuevos casos que se registran a diario.<\/p>\n\n\n\n<p>En Espa\u00f1a, el Ministerio de Sanidad report\u00f3 19 mil nuevos casos desde el pasado viernes, lo que sum\u00f3 un total de m\u00e1s de 405 mil desde el inicio de la pandemia.<\/p>\n\n\n\n<p>La capacidad de realizar pruebas para detectar coronavirus est\u00e1 pr\u00e1cticamente agotada en Berl\u00edn debido a los numerosos test realizados al regreso de las vacaciones veraniegas, inform\u00f3 la titular de la cartera de Salud de la capital alemana, Dilek Kalayci.<\/p>\n\n\n\n<p>Nueva Zelanda extendi\u00f3 el confinamiento por cuatro d\u00edas en Auckland, la mayor ciudad del pa\u00eds, al asegurar que se necesitaba m\u00e1s tiempo para controlar un brote persistente.<\/p>\n\n\n\n<p>Las autoridades de la franja de Gaza se vieron obligadas a declarar el confinamiento de la poblaci\u00f3n y un toque de queda de 48 horas, tras detectar cuatro casos de contagio comunitario.<\/p>\n\n\n\n<p>PREOCUPACI\u00d3N CRECE<\/p>\n\n\n\n<p>En Europa, los retornos de vacaciones de verano son fuente de contagio en pa\u00edses como Italia, Espa\u00f1a, Francia y Alemania, en momentos en que las autoridades se preparan para el inicio del nuevo a\u00f1o escolar.<\/p>\n\n\n\n<p>Francia registr\u00f3 casi cinco mil casos diarios, pero neg\u00f3 un nuevo confinamiento. Estamos en una situaci\u00f3n de riesgo, la pandemia nunca se ha detenido, declar\u00f3 el ministro de Sanidad franc\u00e9s, Olivier V\u00e9ran, en una entrevista con el Journal du Dimanche.<\/p>\n\n\n\n<p>Cientos de turistas estuvieron m\u00e1s de 12 horas varados en la frontera entre Eslovenia y Austria despu\u00e9s de que el gobierno de Viena introdujo controles de entrada m\u00e1s estrictos.<\/p>\n\n\n\n<p>Incluso Corea del Sur, que fue considerado un ejemplo en la lucha contra la pandemia, registr\u00f3 en las pasadas 24 horas el mayor n\u00famero de casos diarios (397) desde principios de marzo, por lo que volvi\u00f3 a cerrar museos, playas y algunos restaurantes.<\/p>\n\n\n\n<p>La situaci\u00f3n es muy grave y seria y estamos al borde de una pandemia a escala nacional, afirm\u00f3 la responsable del Centro de Control y Prevenci\u00f3n de Enfermedades del pa\u00eds asi\u00e1tico, Jung Eun-kyeong.<\/p>\n\n\n\n<p>Cient\u00edficos de Singapur identificaron una mutaci\u00f3n del nuevo coronavirus, que produce s\u00edntomas m\u00e1s leves que la cepa original; sin embargo se\u00f1alaron que esta alteraci\u00f3n no se ha detectado desde marzo, probablemente debido a las medidas de control de la pandemia, inform\u00f3 la revista Nature.<\/p>\n\n\n\n<p>VACUNA MUNDIAL<\/p>\n\n\n\n<p>Por otra parte, unos 172 pa\u00edses se comprometieron con el plan Covax liderado por la Organizaci\u00f3n Mundial de la Salud (OMS), que busca garantizar el acceso equitativo a las vacunas contra el nuevo coronavirus, aunque la instituci\u00f3n precis\u00f3 que urge m\u00e1s financiamiento.<\/p>\n\n\n\n<p>Inicialmente, cuando haya un suministro limitado (de vacunas), es importante administrar la inyecci\u00f3n a los que tengan un mayor riesgo en el mundo, afirm\u00f3 el director general de la OMS, Tedros Adhanom Ghebreyesus, en conferencia de prensa.<\/p>\n\n\n\n<p>El Servicio Mundial de Vacunas Covax es un mecanismo para la compra y la uni\u00f3n en cuanto al riesgo en relaci\u00f3n con m\u00faltiples vacunas, de modo que si una demuestra ser segura y efectiva, todos los pa\u00edses adheridos a este mecanismo podr\u00e1n tener acceso a ella, declar\u00f3 el jefe de la agencia de la Organizaci\u00f3n de Naciones Unidas, quien agreg\u00f3 que se tienen nueve posibles f\u00e1rmacos.<\/p>\n\n\n\n<p>(Informaci\u00f3n de agencias internacionales y \u00abLa Jornada\u00bb)<\/p>\n","protected":false},"excerpt":{"rendered":"<p>Redacci\u00f3n\/Zona Roja Cdmx. Ciudad de M\u00e9xico, 25 de agosto de 2020.- El nuevo coronavirus sigue&hellip;<\/p>\n","protected":false},"author":2,"featured_media":9846,"comment_status":"closed","ping_status":"open","sticky":false,"template":"","format":"standard","meta":{"_lmt_disableupdate":"","_lmt_disable":"","_jetpack_memberships_contains_paid_content":false,"footnotes":""},"categories":[109,47],"tags":[1510],"class_list":["post-16756","post","type-post","status-publish","format-standard","has-post-thumbnail","hentry","category-minuto-a-minuto","category-zona-gris","tag-coronavirus-pandemia-global"],"jetpack_featured_media_url":"https:\/\/zonaroja.com.mx\/wp-content\/uploads\/2020\/03\/Pandemia-coronavirus.jpg","jetpack_sharing_enabled":true,"_links":{"self":[{"href":"https:\/\/zonaroja.com.mx\/index.php?rest_route=\/wp\/v2\/posts\/16756","targetHints":{"allow":["GET"]}}],"collection":[{"href":"https:\/\/zonaroja.com.mx\/index.php?rest_route=\/wp\/v2\/posts"}],"about":[{"href":"https:\/\/zonaroja.com.mx\/index.php?rest_route=\/wp\/v2\/types\/post"}],"author":[{"embeddable":true,"href":"https:\/\/zonaroja.com.mx\/index.php?rest_route=\/wp\/v2\/users\/2"}],"replies":[{"embeddable":true,"href":"https:\/\/zonaroja.com.mx\/index.php?rest_route=%2Fwp%2Fv2%2Fcomments&post=16756"}],"version-history":[{"count":1,"href":"https:\/\/zonaroja.com.mx\/index.php?rest_route=\/wp\/v2\/posts\/16756\/revisions"}],"predecessor-version":[{"id":16757,"href":"https:\/\/zonaroja.com.mx\/index.php?rest_route=\/wp\/v2\/posts\/16756\/revisions\/16757"}],"wp:featuredmedia":[{"embeddable":true,"href":"https:\/\/zonaroja.com.mx\/index.php?rest_route=\/wp\/v2\/media\/9846"}],"wp:attachment":[{"href":"https:\/\/zonaroja.com.mx\/index.php?rest_route=%2Fwp%2Fv2%2Fmedia&parent=16756"}],"wp:term":[{"taxonomy":"category","embeddable":true,"href":"https:\/\/zonaroja.com.mx\/index.php?rest_route=%2Fwp%2Fv2%2Fcategories&post=16756"},{"taxonomy":"post_tag","embeddable":true,"href":"https:\/\/zonaroja.com.mx\/index.php?rest_route=%2Fwp%2Fv2%2Ftags&post=16756"}],"curies":[{"name":"wp","href":"https:\/\/api.w.org\/{rel}","templated":true}]}}