{"id":16758,"date":"2020-08-25T11:02:02","date_gmt":"2020-08-25T16:02:02","guid":{"rendered":"http:\/\/www.zonaroja.com.mx\/?p=16758"},"modified":"2020-08-25T11:02:07","modified_gmt":"2020-08-25T16:02:07","slug":"condena-ddhpo-homicidio-de-dirigente-del-fpr-dicta-medidas-cautelares","status":"publish","type":"post","link":"https:\/\/zonaroja.com.mx\/?p=16758","title":{"rendered":"Condena DDHPO homicidio de dirigente del FPR; dicta medidas cautelares"},"content":{"rendered":"\n<p>Redacci\u00f3n\/Zona Roja.<\/p>\n\n\n\n<p>Oaxaca de Ju\u00e1rez, Oax., 25 de agosto de 2020.- Tras condenar en\u00e9rgicamente el homicidio del l\u00edder del Frente Popular Revolucionario (FPR), Tom\u00e1s Mart\u00ednez Pinacho, ocurrido la tarde del lunes 24 de agosto, la Defensor\u00eda de los Derechos Humanos del Pueblo de Oaxaca (DDHPO) dict\u00f3 medidas cautelares a los miembros de la dirigencia de dicha organizaci\u00f3n, as\u00ed como a familiares de las v\u00edctimas.<\/p>\n\n\n\n<p>Lo anterior, al considerar que los integrantes de la agrupaci\u00f3n social podr\u00edan encontrarse en riesgo ante el ataque armado en el que perdi\u00f3 la vida uno de sus integrantes y otro m\u00e1s qued\u00f3 gravemente herido, hechos que se enmarcan en las movilizaciones realizadas por dicha agrupaci\u00f3n social.<\/p>\n\n\n\n<p>Por tanto, la DDHPO solicit\u00f3 a la Secretar\u00eda de Seguridad P\u00fablica (SSP) la adopci\u00f3n de una medida cautelar o precautoria que permita brindar seguridad a familiares de las v\u00edctimas y a dirigentes de la agrupaci\u00f3n, as\u00ed como el ejercicio de su derecho de manifestaci\u00f3n y libertad de expresi\u00f3n.<\/p>\n\n\n\n<p>El organismo aut\u00f3nomo pidi\u00f3 a la Fiscal\u00eda General de Justicia del Estado informe respecto al n\u00famero de carpeta iniciada por el fallecimiento del se\u00f1or Tom\u00e1s Mart\u00ednez Pinacho, y las lesiones causadas al ciudadano Reginaldo Garc\u00eda, as\u00ed como las diligencias practicadas en estos hechos.<\/p>\n\n\n\n<p>En t\u00e9rminos del art\u00edculo 137 del C\u00f3digo Nacional de Procedimiento Penales, la Defensor\u00eda de los Derechos Humanos requiri\u00f3 a la Fiscal\u00eda la adopci\u00f3n de medidas de protecci\u00f3n id\u00f3neas tendientes a garantizar la integridad de las v\u00edctimas del delito, de sus familiares, as\u00ed como de los integrantes de la Organizaci\u00f3n Frente Popular Revolucionario (FPR).<\/p>\n\n\n\n<p>As\u00ed tambi\u00e9n, pidi\u00f3 a los Servicios de Salud de Oaxaca brindar la atenci\u00f3n m\u00e9dica especializada que requiera el ciudadano Reginaldo Garc\u00eda, con el objeto de garantizar su derecho a la salud.<\/p>\n\n\n\n<p>El \u00f3rgano aut\u00f3nomo reiter\u00f3 que la libre manifestaci\u00f3n de las ideas es un derecho constitucional que debe ser respetado y garantizado por el Estado, debido a que esto es parte fundamental de la democracia.<\/p>\n\n\n\n<p>Finalmente, la Defensor\u00eda sostuvo que se mantendr\u00e1 vigilante del desarrollo de las investigaciones que lleven a garantizar el acceso a la justicia para la v\u00edctima de homicidio y de la persona que result\u00f3 herida en el ataque, as\u00ed como para sus familias y los miembros del FPR.<\/p>\n","protected":false},"excerpt":{"rendered":"<p>Redacci\u00f3n\/Zona Roja. Oaxaca de Ju\u00e1rez, Oax., 25 de agosto de 2020.- Tras condenar en\u00e9rgicamente el&hellip;<\/p>\n","protected":false},"author":2,"featured_media":8442,"comment_status":"closed","ping_status":"open","sticky":false,"template":"","format":"standard","meta":{"_lmt_disableupdate":"","_lmt_disable":"","_jetpack_memberships_contains_paid_content":false,"footnotes":""},"categories":[109,47],"tags":[286],"class_list":["post-16758","post","type-post","status-publish","format-standard","has-post-thumbnail","hentry","category-minuto-a-minuto","category-zona-gris","tag-defensoria-de-los-derechos-humanos-del-pueblo-de-oaxaca"],"jetpack_featured_media_url":"https:\/\/zonaroja.com.mx\/wp-content\/uploads\/2020\/02\/DDHPO-1.png","jetpack_sharing_enabled":true,"_links":{"self":[{"href":"https:\/\/zonaroja.com.mx\/index.php?rest_route=\/wp\/v2\/posts\/16758","targetHints":{"allow":["GET"]}}],"collection":[{"href":"https:\/\/zonaroja.com.mx\/index.php?rest_route=\/wp\/v2\/posts"}],"about":[{"href":"https:\/\/zonaroja.com.mx\/index.php?rest_route=\/wp\/v2\/types\/post"}],"author":[{"embeddable":true,"href":"https:\/\/zonaroja.com.mx\/index.php?rest_route=\/wp\/v2\/users\/2"}],"replies":[{"embeddable":true,"href":"https:\/\/zonaroja.com.mx\/index.php?rest_route=%2Fwp%2Fv2%2Fcomments&post=16758"}],"version-history":[{"count":1,"href":"https:\/\/zonaroja.com.mx\/index.php?rest_route=\/wp\/v2\/posts\/16758\/revisions"}],"predecessor-version":[{"id":16759,"href":"https:\/\/zonaroja.com.mx\/index.php?rest_route=\/wp\/v2\/posts\/16758\/revisions\/16759"}],"wp:featuredmedia":[{"embeddable":true,"href":"https:\/\/zonaroja.com.mx\/index.php?rest_route=\/wp\/v2\/media\/8442"}],"wp:attachment":[{"href":"https:\/\/zonaroja.com.mx\/index.php?rest_route=%2Fwp%2Fv2%2Fmedia&parent=16758"}],"wp:term":[{"taxonomy":"category","embeddable":true,"href":"https:\/\/zonaroja.com.mx\/index.php?rest_route=%2Fwp%2Fv2%2Fcategories&post=16758"},{"taxonomy":"post_tag","embeddable":true,"href":"https:\/\/zonaroja.com.mx\/index.php?rest_route=%2Fwp%2Fv2%2Ftags&post=16758"}],"curies":[{"name":"wp","href":"https:\/\/api.w.org\/{rel}","templated":true}]}}