{"id":16762,"date":"2020-08-25T12:31:57","date_gmt":"2020-08-25T17:31:57","guid":{"rendered":"https:\/\/www.zonaroja.com.mx\/?p=16762"},"modified":"2020-08-25T12:31:59","modified_gmt":"2020-08-25T17:31:59","slug":"trabajadores-de-base-piden-renuncia-del-director-del-cecyte-oaxaca","status":"publish","type":"post","link":"https:\/\/zonaroja.com.mx\/?p=16762","title":{"rendered":"Trabajadores de base piden renuncia del director del Cecyte Oaxaca"},"content":{"rendered":"\n<p class=\"MsoNormal\">Redacci\u00f3n\/Zona Roja.<\/p>\n\n\n\n<p class=\"MsoNormal\">Oaxaca de Ju\u00e1rez, Oax., 25 de agosto de 2020.- Integrantes del Sindicato de Trabajadores al Servicio del Colegio de Estudios Cient\u00edficos y Tecnol\u00f3gicos del Estado de Oaxaca (STSCECYTEO), lamentaron la falta de seriedad y experiencia por parte del director del Cecyteo, Gustavo Mar\u00edn Antonio, quien no ha podido concluir la revisi\u00f3n de la carga horaria del plantel docente, lo que trae como consecuencia retraso en procesos de recontrataci\u00f3n, comisiones y entrega de horarios de clases.<\/p>\n\n\n\n<p class=\"MsoNormal\">Esta falta de experiencia en el director constituye una violaci\u00f3n flagrante al Contrato Colectivo de Trabajo, indicaron los sindicalizados; sin embargo, lo m\u00e1s grave es la afectaci\u00f3n al alumnado, que ya iniciado el semestre escolar, no saben cu\u00e1ndo, c\u00f3mo o quienes impartir\u00e1n las clases.<\/p>\n\n\n\n<p class=\"MsoNormal\">Denunciaron tambi\u00e9n a la titular del departamento de Desarrollo Acad\u00e9mico, Liliana Elizabeth Hern\u00e1ndez Villaca\u00f1a, y a Rosal\u00eda Palma L\u00f3pez, quienes han demostrado su incapacidad y el desconocimiento de lo que implica la docencia y elaborar una verdadera planeaci\u00f3n did\u00e1ctica.<\/p>\n\n\n\n<p class=\"MsoNormal\">Finalmente, la base trabajadora del STSCECYTEO denunci\u00f3 la irresponsabilidad de Adriana Atristain Orozco, quien ha propuesto la fusi\u00f3n de grupos para ahorrar presupuesto, sin que se tome en cuenta la situaci\u00f3n actual por la emergencia sanitaria del SARS-CoV2 y la recomendaci\u00f3n del gobierno federal y estatal.<\/p>\n\n\n\n<p class=\"MsoNormal\">Ante estas irregularidades, los trabajadores demandan una reuni\u00f3n con el director general del Cecyteo, Gustavo Mar\u00edn Antonio, no sin antes responsabilizarlo de los perjuicios que se generen contra el colegio y los derechos de los trabajadores, ante la negativa de dar la cara y solucionar el conflicto que su incapacidad e inexperiencia ha generado.<\/p>\n\n\n\n<p class=\"MsoNormal\">De no atender las demandas, informaron que exigir\u00e1n al gobernador del estado la renuncia del titular del Cecyteo.<\/p>\n","protected":false},"excerpt":{"rendered":"<p>Redacci\u00f3n\/Zona Roja. Oaxaca de Ju\u00e1rez, Oax., 25 de agosto de 2020.- Integrantes del Sindicato de&hellip;<\/p>\n","protected":false},"author":2,"featured_media":16761,"comment_status":"closed","ping_status":"open","sticky":false,"template":"","format":"standard","meta":{"_lmt_disableupdate":"","_lmt_disable":"","_jetpack_memberships_contains_paid_content":false,"footnotes":""},"categories":[109,47],"tags":[1957],"class_list":["post-16762","post","type-post","status-publish","format-standard","has-post-thumbnail","hentry","category-minuto-a-minuto","category-zona-gris","tag-gustavo-marin-antonio"],"jetpack_featured_media_url":"https:\/\/zonaroja.com.mx\/wp-content\/uploads\/2020\/08\/gustavo-mari\u0301n.jpg","jetpack_sharing_enabled":true,"_links":{"self":[{"href":"https:\/\/zonaroja.com.mx\/index.php?rest_route=\/wp\/v2\/posts\/16762","targetHints":{"allow":["GET"]}}],"collection":[{"href":"https:\/\/zonaroja.com.mx\/index.php?rest_route=\/wp\/v2\/posts"}],"about":[{"href":"https:\/\/zonaroja.com.mx\/index.php?rest_route=\/wp\/v2\/types\/post"}],"author":[{"embeddable":true,"href":"https:\/\/zonaroja.com.mx\/index.php?rest_route=\/wp\/v2\/users\/2"}],"replies":[{"embeddable":true,"href":"https:\/\/zonaroja.com.mx\/index.php?rest_route=%2Fwp%2Fv2%2Fcomments&post=16762"}],"version-history":[{"count":1,"href":"https:\/\/zonaroja.com.mx\/index.php?rest_route=\/wp\/v2\/posts\/16762\/revisions"}],"predecessor-version":[{"id":16763,"href":"https:\/\/zonaroja.com.mx\/index.php?rest_route=\/wp\/v2\/posts\/16762\/revisions\/16763"}],"wp:featuredmedia":[{"embeddable":true,"href":"https:\/\/zonaroja.com.mx\/index.php?rest_route=\/wp\/v2\/media\/16761"}],"wp:attachment":[{"href":"https:\/\/zonaroja.com.mx\/index.php?rest_route=%2Fwp%2Fv2%2Fmedia&parent=16762"}],"wp:term":[{"taxonomy":"category","embeddable":true,"href":"https:\/\/zonaroja.com.mx\/index.php?rest_route=%2Fwp%2Fv2%2Fcategories&post=16762"},{"taxonomy":"post_tag","embeddable":true,"href":"https:\/\/zonaroja.com.mx\/index.php?rest_route=%2Fwp%2Fv2%2Ftags&post=16762"}],"curies":[{"name":"wp","href":"https:\/\/api.w.org\/{rel}","templated":true}]}}