{"id":16765,"date":"2020-08-25T12:47:31","date_gmt":"2020-08-25T17:47:31","guid":{"rendered":"https:\/\/www.zonaroja.com.mx\/?p=16765"},"modified":"2020-08-25T12:52:52","modified_gmt":"2020-08-25T17:52:52","slug":"organizaciones-sociales-lamentan-asesinato-de-lider-del-fpr-exigen-justicia","status":"publish","type":"post","link":"https:\/\/zonaroja.com.mx\/?p=16765","title":{"rendered":"Organizaciones sociales lamentan asesinato de l\u00edder del FPR; exigen justicia"},"content":{"rendered":"\n<p class=\"MsoNormal\">Evlin Arag\u00f3n\/Zona Roja.<\/p>\n\n\n\n<p class=\"MsoNormal\">Oaxaca de Ju\u00e1rez, Oax., 25 de agosto de 2020.- \u00bfY ahora, que luchador social sigue en la lista de la mafia del poder local para ser asesinado?&nbsp;<\/p>\n\n\n\n<p class=\"MsoNormal\">Es la pregunta que le lanza el Movimiento de Unificaci\u00f3n de Lucha Triqui (MULT) al gobierno de Oaxaca, luego del asesinato de Tom\u00e1s Mart\u00ednez Pinacho, luchador social del Frente Popular Revolucionario en la regi\u00f3n de Miahuatl\u00e1n, registrada la tarde de lunes en inmediaciones del municipio de \u00c1nimas Trujano.&nbsp;&nbsp;<\/p>\n\n\n\n<p class=\"MsoNormal\">A trav\u00e9s de un comunicado, acusaron a funcionarios del gobierno estatal de actuar como provocadores para forzar la movilizaci\u00f3n a falta de respuesta a la demanda social de las comunidades, contribuyendo en la ingobernabilidad por la que atraviesa la entidad en donde el Ejecutivo ordena, pero, no manda, no le obedecen.&nbsp;<\/p>\n\n\n\n<p class=\"MsoNormal\">\u201cEs extra\u00f1o, que en las mesas de supuesto di\u00e1logo aparente respuesta una y otra vez, compromisos que incumplen y que al final burlan no solo de lo compa\u00f1ero del Frente Popular Revolucionario, sino de las organizaciones sociales democr\u00e1ticas de presidentes municipales y de comunidades en conjunto\u201d, evidencia el documento.&nbsp;&nbsp;<\/p>\n\n\n\n<p class=\"MsoNormal\">As\u00ed mimo, aseguran que el reci\u00e9n asesinato del dirigente social es una muestra m\u00e1s del grado de maldad al que llegan los ambiciosos del poder del dinero cuando se trastocan sus intereses pol\u00edticos y econ\u00f3mico, por lo que exigieron el esclarecimiento del crimen, castigo a los autores materiales e intelectuales, a la par que aseguraron nada detendr\u00e1 la manifestaci\u00f3n social.&nbsp;&nbsp;<\/p>\n\n\n\n<p class=\"MsoNormal\">TAMBI\u00c9N UNIR<\/p>\n\n\n\n<p class=\"MsoNormal\">A la condena de los hechos se unieron integrantes de la Unidad identidad y Ra\u00edces de Oaxaca (UNIR), quienes lamentaron que se sume a la larga lista de ataques cometidos contra activistas sociales por lo que urgieron a la Fiscal\u00eda General de Justicia, a cargo de Rub\u00e9n Vasconcelos M\u00e9ndez, el esclarecimiento de lo sucedido la tarde de&nbsp;<a href=\"\/\/2\">este lunes<\/a>.&nbsp;<\/p>\n\n\n\n<p class=\"MsoNormal\">\u201cNuestro compromiso es con la paz, pero tambi\u00e9n con el respeto al estado de derecho y la dignidad humana\u2026 Condenamos el cobarde y artero asesinato de Tomas Mart\u00ednez Pinacho, l\u00edder en la Sierra Sur del Frente Popular Revolucionario (FPR)\u201d, manifestaron en un comunicado a la par que recordaron que \u00e9l activista se encontraba en la capital del estado encabezando una serie de acciones que buscaban atenci\u00f3n y avistamiento de las autoridades estatales.&nbsp;&nbsp;<\/p>\n\n\n\n<p class=\"MsoNormal\">Finalmente, la autoridad municipal de Miahuatl\u00e1n de Porfirio D\u00edaz, encabezada por Genaro Hern\u00e1ndez Jim\u00e9nez, exigi\u00f3 investigaciones serias y responsables&nbsp; por parte de la autoridades estatales, donde no se generen falsas informaciones que atentan contra la integridad de las personas y la estabilidad del municipio.&nbsp;<\/p>\n\n\n\n<p class=\"MsoNormal\">Y aunque no compart\u00edan ideolog\u00eda con el l\u00edder asesinado, el Cabildo municipal reconoci\u00f3 la labor que durante d\u00e9cadas realiz\u00f3 Mart\u00ednez Pinacho en la zona para dar atenci\u00f3n a las necesidades en la comunidades y agencias, a la par que lamentaron su asesinato que aseguran desestabiliza, empa\u00f1a y atenta contra la paz social de la localidad.  <\/p>\n","protected":false},"excerpt":{"rendered":"<p>Evlin Arag\u00f3n\/Zona Roja. Oaxaca de Ju\u00e1rez, Oax., 25 de agosto de 2020.- \u00bfY ahora, que&hellip;<\/p>\n","protected":false},"author":2,"featured_media":16764,"comment_status":"closed","ping_status":"open","sticky":false,"template":"","format":"standard","meta":{"_lmt_disableupdate":"","_lmt_disable":"","_jetpack_memberships_contains_paid_content":false,"footnotes":""},"categories":[109,47],"tags":[131,1954],"class_list":["post-16765","post","type-post","status-publish","format-standard","has-post-thumbnail","hentry","category-minuto-a-minuto","category-zona-gris","tag-frente-popular-revolucionario","tag-tomas-martinez-pinacho"],"jetpack_featured_media_url":"https:\/\/zonaroja.com.mx\/wp-content\/uploads\/2020\/08\/96af4122-645d-48fe-b61f-66055940e3d3.jpg","jetpack_sharing_enabled":true,"_links":{"self":[{"href":"https:\/\/zonaroja.com.mx\/index.php?rest_route=\/wp\/v2\/posts\/16765","targetHints":{"allow":["GET"]}}],"collection":[{"href":"https:\/\/zonaroja.com.mx\/index.php?rest_route=\/wp\/v2\/posts"}],"about":[{"href":"https:\/\/zonaroja.com.mx\/index.php?rest_route=\/wp\/v2\/types\/post"}],"author":[{"embeddable":true,"href":"https:\/\/zonaroja.com.mx\/index.php?rest_route=\/wp\/v2\/users\/2"}],"replies":[{"embeddable":true,"href":"https:\/\/zonaroja.com.mx\/index.php?rest_route=%2Fwp%2Fv2%2Fcomments&post=16765"}],"version-history":[{"count":1,"href":"https:\/\/zonaroja.com.mx\/index.php?rest_route=\/wp\/v2\/posts\/16765\/revisions"}],"predecessor-version":[{"id":16766,"href":"https:\/\/zonaroja.com.mx\/index.php?rest_route=\/wp\/v2\/posts\/16765\/revisions\/16766"}],"wp:featuredmedia":[{"embeddable":true,"href":"https:\/\/zonaroja.com.mx\/index.php?rest_route=\/wp\/v2\/media\/16764"}],"wp:attachment":[{"href":"https:\/\/zonaroja.com.mx\/index.php?rest_route=%2Fwp%2Fv2%2Fmedia&parent=16765"}],"wp:term":[{"taxonomy":"category","embeddable":true,"href":"https:\/\/zonaroja.com.mx\/index.php?rest_route=%2Fwp%2Fv2%2Fcategories&post=16765"},{"taxonomy":"post_tag","embeddable":true,"href":"https:\/\/zonaroja.com.mx\/index.php?rest_route=%2Fwp%2Fv2%2Ftags&post=16765"}],"curies":[{"name":"wp","href":"https:\/\/api.w.org\/{rel}","templated":true}]}}