{"id":16767,"date":"2020-08-25T14:40:38","date_gmt":"2020-08-25T19:40:38","guid":{"rendered":"http:\/\/www.zonaroja.com.mx\/?p=16767"},"modified":"2020-08-25T14:40:41","modified_gmt":"2020-08-25T19:40:41","slug":"amnistia-internacional-exige-al-gobierno-de-murat-proteccion-para-consorcio-oaxaca","status":"publish","type":"post","link":"https:\/\/zonaroja.com.mx\/?p=16767","title":{"rendered":"Amnist\u00eda Internacional exige al gobierno de Murat protecci\u00f3n para Consorcio Oaxaca"},"content":{"rendered":"\n<p>Evlin Arag\u00f3n\/Zona Roja.<\/p>\n\n\n\n<p>Oaxaca de Ju\u00e1rez, Oax., 25 de agosto de 2020.- A trav\u00e9s de una carta p\u00fablica, la oficina en M\u00e9xico de Amnist\u00eda Internacional, pidi\u00f3 al gobierno de Alejandro Murat Hinojosa, tomar las medidas necesarias para garantizar la protecci\u00f3n de las integrantes de Consorcio, luego de la amenaza de muerte de la que fueron v\u00edctimas el pasado 15 de junio.&nbsp;<\/p>\n\n\n\n<p>El organismo internacional manifest\u00f3 su preocupaci\u00f3n ante el contexto de intimidaci\u00f3n, violencia y asesinatos de los que son objetos las defensoras de derecho humano en M\u00e9xico, ya que de enero a mayo del 2020 se han registrado 128 agresiones contra personas defensoras, de las cuales 52 fueron contra mujeres.&nbsp;<\/p>\n\n\n\n<p>Explic\u00f3 que Oaxaca es la segunda entidad con mayor incremento de situaciones de riesgo en contra de defensoras y defensores, particularmente en el periodo de contingencia por la propagaci\u00f3n del virus SARS-CoV2, debido a que reportaron 13 agresiones.<\/p>\n\n\n\n<p>\u201cEl nivel de vulnerabilidad en el que se encuentran las personas defensoras en Oaxaca es inquietante\u201d, refiri\u00f3 el organismo internacional, a la par que asegur\u00f3 que existen riesgos diferenciados que enfrentan las defensoras y donde se encuentran amenazas adicionales que est\u00e1n relacionadas con estereotipos de g\u00e9nero arraigados y las percepciones sociales de las mujeres.&nbsp;<\/p>\n\n\n\n<p>Record\u00f3 que las amenaza en contra de Consorcio Oaxaca se registraron en el marco de la campa\u00f1a que exig\u00eda justicia por el feminicidio de la fotoperiodista Mar\u00eda del Sol Cruz Jarqu\u00edn, caso que acompa\u00f1a la organizaci\u00f3n junto con la familia de joven que lleva dos a\u00f1os manifestando irregularidades por parte de las autoridades encargadas de la procuraci\u00f3n de justicia.&nbsp;<\/p>\n\n\n\n<p>Por lo anterior, demand\u00f3 llevar a cabo las diligencias necesarias para asegurar la vida e integridad f\u00edsica de las integrantes de Consorcio Oaxaca, tomando en cuenta la perspectiva de g\u00e9nero para responder a los riesgos y necesidades de seguridad espec\u00edficas de estas defensoras.&nbsp;<\/p>\n\n\n\n<p>\u201cLe recordamos que el Estado mexicano tiene obligaciones internacionales en materia de derecho humanos de garantizar la protecci\u00f3n de las defensoras contra las violaciones cometidas, as\u00ed como adoptar medidas para prevenir agresiones futuras y retomar medidas de protecci\u00f3n y\/o reparaci\u00f3n en repuesta a las violaciones ya ocurridas\u201d, sentenci\u00f3.&nbsp;<\/p>\n\n\n\n<p>Amnist\u00eda Internacional es un movimiento internacional que cuenta con m\u00e1s de siete millones de miembros, quienes a trav\u00e9s de campa\u00f1as, investigaci\u00f3n e incidencia pol\u00edtica trabajan a favor de los derechos humanos alrededor del mundo.<\/p>\n\n\n\n<p>La amenaza en contra de Consorcio Oaxaca se registr\u00f3 el viernes 15 de junio cuando sujetos desconocidos dejaron en el exterior de sus oficinas una bolsa negra con carne y un mensaje amenazante escrito en una cartulina, que de forma textual refer\u00eda \u201cVajale de huevos perra la pr\u00f3xima es la tuya Atte. CJNG\u2019\u201d.&nbsp;&nbsp;<\/p>\n","protected":false},"excerpt":{"rendered":"<p>Evlin Arag\u00f3n\/Zona Roja. Oaxaca de Ju\u00e1rez, Oax., 25 de agosto de 2020.- A trav\u00e9s de&hellip;<\/p>\n","protected":false},"author":2,"featured_media":13815,"comment_status":"closed","ping_status":"open","sticky":false,"template":"","format":"standard","meta":{"_lmt_disableupdate":"","_lmt_disable":"","_jetpack_memberships_contains_paid_content":false,"footnotes":""},"categories":[109],"tags":[548],"class_list":["post-16767","post","type-post","status-publish","format-standard","has-post-thumbnail","hentry","category-minuto-a-minuto","tag-consorcio-oaxaca"],"jetpack_featured_media_url":"https:\/\/zonaroja.com.mx\/wp-content\/uploads\/2020\/06\/Consorcio-Oaxaca.jpg","jetpack_sharing_enabled":true,"_links":{"self":[{"href":"https:\/\/zonaroja.com.mx\/index.php?rest_route=\/wp\/v2\/posts\/16767","targetHints":{"allow":["GET"]}}],"collection":[{"href":"https:\/\/zonaroja.com.mx\/index.php?rest_route=\/wp\/v2\/posts"}],"about":[{"href":"https:\/\/zonaroja.com.mx\/index.php?rest_route=\/wp\/v2\/types\/post"}],"author":[{"embeddable":true,"href":"https:\/\/zonaroja.com.mx\/index.php?rest_route=\/wp\/v2\/users\/2"}],"replies":[{"embeddable":true,"href":"https:\/\/zonaroja.com.mx\/index.php?rest_route=%2Fwp%2Fv2%2Fcomments&post=16767"}],"version-history":[{"count":1,"href":"https:\/\/zonaroja.com.mx\/index.php?rest_route=\/wp\/v2\/posts\/16767\/revisions"}],"predecessor-version":[{"id":16768,"href":"https:\/\/zonaroja.com.mx\/index.php?rest_route=\/wp\/v2\/posts\/16767\/revisions\/16768"}],"wp:featuredmedia":[{"embeddable":true,"href":"https:\/\/zonaroja.com.mx\/index.php?rest_route=\/wp\/v2\/media\/13815"}],"wp:attachment":[{"href":"https:\/\/zonaroja.com.mx\/index.php?rest_route=%2Fwp%2Fv2%2Fmedia&parent=16767"}],"wp:term":[{"taxonomy":"category","embeddable":true,"href":"https:\/\/zonaroja.com.mx\/index.php?rest_route=%2Fwp%2Fv2%2Fcategories&post=16767"},{"taxonomy":"post_tag","embeddable":true,"href":"https:\/\/zonaroja.com.mx\/index.php?rest_route=%2Fwp%2Fv2%2Ftags&post=16767"}],"curies":[{"name":"wp","href":"https:\/\/api.w.org\/{rel}","templated":true}]}}