{"id":16769,"date":"2020-08-25T14:42:44","date_gmt":"2020-08-25T19:42:44","guid":{"rendered":"http:\/\/www.zonaroja.com.mx\/?p=16769"},"modified":"2020-08-25T17:12:27","modified_gmt":"2020-08-25T22:12:27","slug":"desaparecen-otras-dos-mujeres-en-la-region-de-la-cuenca-de-oaxaca","status":"publish","type":"post","link":"https:\/\/zonaroja.com.mx\/?p=16769","title":{"rendered":"Desaparecen otras dos mujeres en la regi\u00f3n de la Cuenca de Oaxaca"},"content":{"rendered":"\n<p>Yuridiana Sosa\/Zona Roja.<\/p>\n\n\n\n<p>Oaxaca de Ju\u00e1rez, Oax., 25 de agosto de 2020.- Dos menores de edad residentes en los municipios de San Juan Bautista Tuxtepec y San Jos\u00e9 Chiltepec, en la regi\u00f3n de la Cuenca, fueron reportadas como desaparecidas ante la Fiscal\u00eda General del Estado de Oaxaca.<\/p>\n\n\n\n<p>La Unidad de B\u00fasqueda de Personas No Localizadas y Desaparecidas emiti\u00f3 la ficha de Alexandra Toral Mat\u00edas, de 13 a\u00f1os de edad, vista por \u00faltima vez el pasado 23 de agosto en la colonia Centro de Tuxtepec.<\/p>\n\n\n\n<p>Al momento de su desaparici\u00f3n, la menor de edad vest\u00eda blusa a cuadros de colores, pantal\u00f3n de mezclilla color azul, complexi\u00f3n robusta; mide aproximadamente de 1.55 metros de estatura, es de tez morena clara, cara redonda y frente amplia.<\/p>\n\n\n\n<p>Tambi\u00e9n la noche de este lunes se report\u00f3 la no localizaci\u00f3n de Guadalupe de la Llave Borja, de 14 a\u00f1os, quien fue vista por \u00faltima vez el pasado 21 de agosto en la localidad de Leyes de Reforma del municipio de San Jos\u00e9 Chiltepec, municipio vecino a Tuxtepec.<\/p>\n\n\n\n<p>Como se\u00f1a particular, la adolescente tiene un lunar en el brazo izquierdo, mide aproximadamente 1.60 metros, es de complexi\u00f3n robusta, morena clara y cara redonda.<\/p>\n\n\n\n<p>La desaparici\u00f3n de estas j\u00f3venes se suma al reciente reporte de b\u00fasqueda para M\u00f3nica Santiago Raymundo, de 16 a\u00f1os, de quien la Fiscal\u00eda General public\u00f3 su ficha el pasado 20 de agosto, aunque la familia report\u00f3 que la joven fue vista por \u00faltima vez en la comunidad de Agua Fr\u00eda, perteneciente a Tuxtepec, el pasado 15 de julio.<\/p>\n\n\n\n<p>Junto con ellas, tambi\u00e9n se mantienen vigentes las ficha para localizar a Ofelia Valor Narcizo, de 34 a\u00f1os, en colonia Santa Clara de San Juan Bautista Tuxtepec, desaparecida el 9 de julio, y para localizar a Rosa Yamilet \u00c1ngeles, de 19 a\u00f1os de edad, quien desapareci\u00f3 con su hija Briana Yamiliet Vera \u00c1ngeles, menor de edad de menos de dos a\u00f1os, ocurrida el, 18 de junio en la Colonia Emiliano Zapata del municipio de Loma Bonita.<\/p>\n\n\n\n<p>Por otra parte, este martes fuentes de la Vicefiscal\u00eda Regional de la Cuenca confirmaron a los familiares que la osamenta hallada en junio pasado en Tuxtepec, corresponde a Casandra Ram\u00edrez Salom\u00f3n, reportada como desaparecida este a\u00f1o. <\/p>\n","protected":false},"excerpt":{"rendered":"<p>Yuridiana Sosa\/Zona Roja. Oaxaca de Ju\u00e1rez, Oax., 25 de agosto de 2020.- Dos menores de&hellip;<\/p>\n","protected":false},"author":2,"featured_media":16770,"comment_status":"closed","ping_status":"open","sticky":false,"template":"","format":"standard","meta":{"_lmt_disableupdate":"","_lmt_disable":"","_jetpack_memberships_contains_paid_content":false,"footnotes":""},"categories":[109,47],"tags":[1705],"class_list":["post-16769","post","type-post","status-publish","format-standard","has-post-thumbnail","hentry","category-minuto-a-minuto","category-zona-gris","tag-desaparecidas-san-juan-bautista-tuxtepec"],"jetpack_featured_media_url":"https:\/\/zonaroja.com.mx\/wp-content\/uploads\/2020\/08\/Desaparecidas-Tuxtepec-y-Chiltepec.jpg","jetpack_sharing_enabled":true,"_links":{"self":[{"href":"https:\/\/zonaroja.com.mx\/index.php?rest_route=\/wp\/v2\/posts\/16769","targetHints":{"allow":["GET"]}}],"collection":[{"href":"https:\/\/zonaroja.com.mx\/index.php?rest_route=\/wp\/v2\/posts"}],"about":[{"href":"https:\/\/zonaroja.com.mx\/index.php?rest_route=\/wp\/v2\/types\/post"}],"author":[{"embeddable":true,"href":"https:\/\/zonaroja.com.mx\/index.php?rest_route=\/wp\/v2\/users\/2"}],"replies":[{"embeddable":true,"href":"https:\/\/zonaroja.com.mx\/index.php?rest_route=%2Fwp%2Fv2%2Fcomments&post=16769"}],"version-history":[{"count":3,"href":"https:\/\/zonaroja.com.mx\/index.php?rest_route=\/wp\/v2\/posts\/16769\/revisions"}],"predecessor-version":[{"id":16779,"href":"https:\/\/zonaroja.com.mx\/index.php?rest_route=\/wp\/v2\/posts\/16769\/revisions\/16779"}],"wp:featuredmedia":[{"embeddable":true,"href":"https:\/\/zonaroja.com.mx\/index.php?rest_route=\/wp\/v2\/media\/16770"}],"wp:attachment":[{"href":"https:\/\/zonaroja.com.mx\/index.php?rest_route=%2Fwp%2Fv2%2Fmedia&parent=16769"}],"wp:term":[{"taxonomy":"category","embeddable":true,"href":"https:\/\/zonaroja.com.mx\/index.php?rest_route=%2Fwp%2Fv2%2Fcategories&post=16769"},{"taxonomy":"post_tag","embeddable":true,"href":"https:\/\/zonaroja.com.mx\/index.php?rest_route=%2Fwp%2Fv2%2Ftags&post=16769"}],"curies":[{"name":"wp","href":"https:\/\/api.w.org\/{rel}","templated":true}]}}