{"id":16772,"date":"2020-08-25T15:00:59","date_gmt":"2020-08-25T20:00:59","guid":{"rendered":"http:\/\/www.zonaroja.com.mx\/?p=16772"},"modified":"2020-08-25T15:01:03","modified_gmt":"2020-08-25T20:01:03","slug":"normalistas-no-cesan-movilizaciones-insisten-en-irregularidades-en-examenes","status":"publish","type":"post","link":"https:\/\/zonaroja.com.mx\/?p=16772","title":{"rendered":"Normalistas no cesan movilizaciones; insisten en irregularidades en ex\u00e1menes"},"content":{"rendered":"\n<p>Yuridiana Sosa\/Zona Roja.<\/p>\n\n\n\n<p>Oaxaca de Ju\u00e1rez, Oax., 25 de agosto de 2020.- Alumnos del Centro Regional de Educaci\u00f3n Normal de Oaxaca (CRENO) y de la Escuela Normal Biling\u00fce Intercultural (ENBIO), se movilizaron nuevamente en rechazo a los resultados del examen de admisi\u00f3n y para exigir una mesa de negociaci\u00f3n con el IEEPO.<\/p>\n\n\n\n<p>Como una forma de protesta, los estudiantes de la Licenciatura de Educaci\u00f3n F\u00edsica amenazaron a las autoridades educativas de la entidad a no inscribirse al nuevo semestre hasta no contar con respuestas satisfactorias sobre el ingreso de alumnos que no participaron en la evaluaci\u00f3n de selecci\u00f3n.<\/p>\n\n\n\n<p>En conferencia de prensa frente a las oficinas de la Defensor\u00eda de los Derechos Humanos del Pueblo de Oaxaca (DDHPO), los integrantes del Comit\u00e9 Estudiantil se\u00f1alaron irregularidades durante la prueba que se realiz\u00f3 en l\u00ednea el pasado 15 de agosto.<\/p>\n\n\n\n<figure class=\"wp-block-embed-twitter wp-block-embed is-type-rich is-provider-twitter\"><div class=\"wp-block-embed__wrapper\">\n<div class=\"twitter-tweet\"><blockquote class=\"twitter-tweet\" data-lang=\"es\"><p lang=\"es\" dir=\"ltr\"><a href=\"https:\/\/twitter.com\/hashtag\/%C3%9AltimoMinuto?src=hash&amp;ref_src=twsrc%5Etfw\">#\u00daltimoMinuto<\/a> <br>En la sede de la <a href=\"https:\/\/twitter.com\/DDHPO?ref_src=twsrc%5Etfw\">@DDHPO<\/a> ahora los estudiantes denuncian que en el examen virtual para la licenciatura en Educaci\u00f3n F\u00edsica del Centro Regional de Educaci\u00f3n Normal de Oaxaca (CRENO), hubo m\u00faltiples irregularidades. <a href=\"https:\/\/t.co\/4xu5fDu4lW\">pic.twitter.com\/4xu5fDu4lW<\/a><\/p>&mdash; Zona Roja Oaxaca (@MexRoja) <a href=\"https:\/\/twitter.com\/MexRoja\/status\/1298332161141911552?ref_src=twsrc%5Etfw\">25 de agosto de 2020<\/a><\/blockquote><\/div>\n<\/div><\/figure>\n\n\n\n<p>Manifestaron que de acuerdo con algunas comparaciones que realizaron sobre los resultados de este a\u00f1o respecto al del ciclo pasado, estos fueron manipulados, privilegiando a alumnos que, seg\u00fan los normalistas, no merecen un espacio en la matr\u00edcula del CRENO.<\/p>\n\n\n\n<p>Aseguraron que entre las anomal\u00edas que tambi\u00e9n se registraron en el proceso fue que el Instituto Estatal de Educaci\u00f3n P\u00fablica de Oaxaca no envi\u00f3 a todos los aspirantes los enlaces de la plataforma para acceder al examen, mientras que algunos m\u00e1s presentaron fallas con el internet o la plataforma para desarrollar la prueba.<\/p>\n\n\n\n<p>Los normalistas indicaron que no cesar\u00e1n las movilizaciones ni se inscribir\u00e1n hasta no tener respuestas favorables a sus demandas.<\/p>\n\n\n\n<p>Previo a su presencia frente a la DDHPO, tambi\u00e9n se manifestaron en los accesos de Ciudad Administrativa en Tlalixtac de Cabrera, donde por un par de horas se apoderaron de las puertas; durante su estancia no se registraron incidentes.<\/p>\n\n\n\n<figure class=\"wp-block-embed-twitter wp-block-embed is-type-rich is-provider-twitter\"><div class=\"wp-block-embed__wrapper\">\n<div class=\"twitter-tweet\"><blockquote class=\"twitter-tweet\" data-lang=\"es\"><p lang=\"es\" dir=\"ltr\"><a href=\"https:\/\/twitter.com\/hashtag\/%C3%9AltimoMinuto?src=hash&amp;ref_src=twsrc%5Etfw\">#\u00daltimoMinuto<\/a> <br>Sin atenci\u00f3n desde hace dos semanas, estudiantes de la Escuela Normal Biling\u00fce Intercultural del Estado de Oaxaca bloquean de nuevo hoy la sede de Ciudad Administrativa, en Tlalixtac de Cabrera, para exigir al <a href=\"https:\/\/twitter.com\/IEEPOGobOax?ref_src=twsrc%5Etfw\">@IEEPOGobOax<\/a> respuesta a sus demandas. <a href=\"https:\/\/t.co\/TfhpMMQkMq\">pic.twitter.com\/TfhpMMQkMq<\/a><\/p>&mdash; Zona Roja Oaxaca (@MexRoja) <a href=\"https:\/\/twitter.com\/MexRoja\/status\/1298286857483104256?ref_src=twsrc%5Etfw\">25 de agosto de 2020<\/a><\/blockquote><\/div>\n<\/div><\/figure>\n","protected":false},"excerpt":{"rendered":"<p>Yuridiana Sosa\/Zona Roja. Oaxaca de Ju\u00e1rez, Oax., 25 de agosto de 2020.- Alumnos del Centro&hellip;<\/p>\n","protected":false},"author":2,"featured_media":16773,"comment_status":"closed","ping_status":"open","sticky":false,"template":"","format":"standard","meta":{"_lmt_disableupdate":"","_lmt_disable":"","_jetpack_memberships_contains_paid_content":false,"footnotes":""},"categories":[109,47],"tags":[1921],"class_list":["post-16772","post","type-post","status-publish","format-standard","has-post-thumbnail","hentry","category-minuto-a-minuto","category-zona-gris","tag-escuela-normal-bilingue-intercultural-de-oaxaca"],"jetpack_featured_media_url":"https:\/\/zonaroja.com.mx\/wp-content\/uploads\/2020\/08\/Normalistas-en-Ciudad-Administrativa-2.jpg","jetpack_sharing_enabled":true,"_links":{"self":[{"href":"https:\/\/zonaroja.com.mx\/index.php?rest_route=\/wp\/v2\/posts\/16772","targetHints":{"allow":["GET"]}}],"collection":[{"href":"https:\/\/zonaroja.com.mx\/index.php?rest_route=\/wp\/v2\/posts"}],"about":[{"href":"https:\/\/zonaroja.com.mx\/index.php?rest_route=\/wp\/v2\/types\/post"}],"author":[{"embeddable":true,"href":"https:\/\/zonaroja.com.mx\/index.php?rest_route=\/wp\/v2\/users\/2"}],"replies":[{"embeddable":true,"href":"https:\/\/zonaroja.com.mx\/index.php?rest_route=%2Fwp%2Fv2%2Fcomments&post=16772"}],"version-history":[{"count":1,"href":"https:\/\/zonaroja.com.mx\/index.php?rest_route=\/wp\/v2\/posts\/16772\/revisions"}],"predecessor-version":[{"id":16774,"href":"https:\/\/zonaroja.com.mx\/index.php?rest_route=\/wp\/v2\/posts\/16772\/revisions\/16774"}],"wp:featuredmedia":[{"embeddable":true,"href":"https:\/\/zonaroja.com.mx\/index.php?rest_route=\/wp\/v2\/media\/16773"}],"wp:attachment":[{"href":"https:\/\/zonaroja.com.mx\/index.php?rest_route=%2Fwp%2Fv2%2Fmedia&parent=16772"}],"wp:term":[{"taxonomy":"category","embeddable":true,"href":"https:\/\/zonaroja.com.mx\/index.php?rest_route=%2Fwp%2Fv2%2Fcategories&post=16772"},{"taxonomy":"post_tag","embeddable":true,"href":"https:\/\/zonaroja.com.mx\/index.php?rest_route=%2Fwp%2Fv2%2Ftags&post=16772"}],"curies":[{"name":"wp","href":"https:\/\/api.w.org\/{rel}","templated":true}]}}