{"id":16775,"date":"2020-08-25T15:26:00","date_gmt":"2020-08-25T20:26:00","guid":{"rendered":"http:\/\/www.zonaroja.com.mx\/?p=16775"},"modified":"2020-08-25T19:18:34","modified_gmt":"2020-08-26T00:18:34","slug":"el-tenor-oaxaqueno-que-canto-solitario-a-las-victimas-del-covid-19","status":"publish","type":"post","link":"https:\/\/zonaroja.com.mx\/?p=16775","title":{"rendered":"El tenor oaxaque\u00f1o que cant\u00f3 solitario a las v\u00edctimas del Covid-19"},"content":{"rendered":"\n<p>Evlin Arag\u00f3n\/Zona Roja.<\/p>\n\n\n\n<p>Oaxaca de Ju\u00e1rez, Oax., 25 de agosto de 2020.- La potente voz de Rodrigo Petate fue la encargada de cerrar con broche de oro las transmisiones de la Guelaguetza 2020, que se realizaron de forma virtual, debido a la contingencia sanitaria.<\/p>\n\n\n\n<p>Ah\u00ed, en medio del majestuoso auditorio del cerro del Fort\u00edn sin espectadores, el tenor oaxaque\u00f1o interpret\u00f3 el \u201cDios nunca muere\u201d, como parte del homenaje a las personas que han perdido la vida por Covid-19.&nbsp;<\/p>\n\n\n\n<p>\u201cYo trato siempre en todos los lugares que me presento, en las \u00f3peras y obras que interpreto, decir y entregarle algo al p\u00fablico que nos est\u00e1 regalando su tiempo y su atenci\u00f3n, adem\u00e1s parte de su vida\u201d, expres\u00f3 al director de Corporaci\u00f3n Oaxaque\u00f1a de Radio y Televisi\u00f3n (Cortv), Mart\u00edn V\u00e1squez Villanueva.<\/p>\n\n\n\n<p>Para el tenor oaxaque\u00f1o fue impresionante pisar un auditorio \u201cGuelaguetza\u201d vac\u00edo y regalarles a las familias de las v\u00edctimas mortales de Covid-19 una manera de despedirse a trav\u00e9s del arte, acci\u00f3n que fue muy bien recibida durante la transmisi\u00f3n que realiz\u00f3 la televisora del Estado.<\/p>\n\n\n\n<p>\u201cPara m\u00ed fue una forma de devolver mucho de lo que me ha dado mi tierra, el estar acompa\u00f1ando en estos momentos a la gente. La noticia de cerrar la Guelaguetza de esa forma fue una alegr\u00eda, pero a la vez una gran tristeza y nostalgia al ver un escenario vac\u00edo, por eso quise entregar todo el sentimiento y mi voz a las personas que perdieron a un ser querido con la pandemia\u201d, manifest\u00f3.&nbsp;<\/p>\n\n\n\n<p>Durante la transmisi\u00f3n de su participaci\u00f3n por las plataformas digitales, as\u00ed como en los medios de la Cortv, muchas personas aprovecharon la oportunidad para despedirse de sus familiares, situaci\u00f3n que conmovi\u00f3 hasta las l\u00e1grimas al tenor oaxaque\u00f1o, que se caracteriza por transmitir un sin n\u00famero de emociones a trav\u00e9s de su voz.<\/p>\n\n\n\n<p>\u201cHab\u00eda mucha gente despidi\u00e9ndose de sus familiares, hab\u00eda gente agradeci\u00e9ndonos la dedicatoria que hicimos para decirles que no est\u00e1n solos. Qu\u00e9 maravilla y que impacto fue para m\u00ed ver la forma en la que puedes entrar en las personas, a trav\u00e9s de la m\u00fasica\u201d, indic\u00f3.&nbsp;&nbsp;<\/p>\n\n\n\n<figure class=\"wp-block-embed-twitter wp-block-embed is-type-rich is-provider-twitter\"><div class=\"wp-block-embed__wrapper\">\n<div class=\"twitter-tweet\"><blockquote class=\"twitter-tweet\" data-lang=\"es\"><p lang=\"es\" dir=\"ltr\">Este d\u00eda record\u00e9, junto al tenor Rodrigo Petate, su interpretaci\u00f3n del \u201cDios Nunca muere\u201d en el cierre de la <a href=\"https:\/\/twitter.com\/hashtag\/Guelaguetza2020?src=hash&amp;ref_src=twsrc%5Etfw\">#Guelaguetza2020<\/a>; homenaje a las personas que han perdido la vida por la COVID-19.  Un gran talento que es <a href=\"https:\/\/twitter.com\/hashtag\/DeOaxacaParaElMundo?src=hash&amp;ref_src=twsrc%5Etfw\">#DeOaxacaParaElMundo<\/a>.<a href=\"https:\/\/t.co\/JCIxR66XNY\">https:\/\/t.co\/JCIxR66XNY<\/a> <a href=\"https:\/\/t.co\/dMOevVTKL4\">pic.twitter.com\/dMOevVTKL4<\/a><\/p>&mdash; Mart\u00edn V\u00e1squez (@martinvasquezv) <a href=\"https:\/\/twitter.com\/martinvasquezv\/status\/1296493553636593667?ref_src=twsrc%5Etfw\">20 de agosto de 2020<\/a><\/blockquote><\/div>\n<\/div><\/figure>\n\n\n\n<p>Rodrigo Petate no es ning\u00fan improvisado, el joven de 30 a\u00f1os de edad es originario de la ciudad de Oaxaca de Ju\u00e1rez y desde muy peque\u00f1o dio muestras de su gusto y amor por la m\u00fasica. A los ocho a\u00f1os de edad comenz\u00f3 a cantar y posteriormente, form\u00f3 parte del coro de la iglesia de Santo Domingo de Guzm\u00e1n.<\/p>\n\n\n\n<p>De acuerdo con lo expuesto por el propio artista en diversas entrevistas, fue su abuelo, Antonio Arag\u00f3n S\u00e1nchez, quien le marc\u00f3 parte de la ruta a seguir en el canto, la cual decidi\u00f3 explorar a trav\u00e9s de la m\u00fasica popular y posteriormente en la \u00f3pera tras de su ingreso al Conservatorio Nacional de M\u00fasica. Esta fusi\u00f3n en su formaci\u00f3n entre lo popular y lo cl\u00e1sico le han permitido desarrollar grandes dotes de interpretaci\u00f3n.&nbsp;<\/p>\n\n\n\n<p>Fue alumno durante dos a\u00f1os de la C\u00e1tedra \u201cFrancisco Araiza\u201d y se gradu\u00f3 de la Licenciatura en Canto del Conservatorio Nacional de M\u00fasica, siendo acreedor de la medalla a la \u201cExcelencia Acad\u00e9mica\u201d. Adem\u00e1s de ser premiado en diversos concursos de canto, tanto nacionales como internacionales.<\/p>\n\n\n\n<p>Actualmente radica en la Ciudad de M\u00e9xico y su incursi\u00f3n en la \u00f3pera fue en Inglaterra en The Yorke Trust International Summer Opera Course, en la \u00f3pera \u201cArmide\u201d, de Gluck; de ah\u00ed se ha presentado en salas de Estados Unidos, Ecuador, Per\u00fa, Brasil, Espa\u00f1a, Inglaterra e Italia.<\/p>\n\n\n\n<p>A nivel nacional en el Auditorio Nacional, en la Arena de la ciudad de M\u00e9xico, en la Sala Manuel M. Ponce, del Palacio de Bellas Artes; y a nivel local en el auditorio \u201cGuelaguetza\u201d, el teatro \u201cMacedonio Alcal\u00e1\u201d, \u201c\u00c1lvaro Carrillo\u201d y Plaza de la Danza.<\/p>\n\n\n\n<p>En el 2019 y con el respaldo de la Secretar\u00eda de las Culturas y Artes present\u00f3 el espect\u00e1culo \u201cAlma m\u00eda\u201d que incluy\u00f3 un amplio repertorio de m\u00fasica mexicana y oaxaque\u00f1a, en tributo a su lugar de origen lleno de riquezas, colores, sonrisas, fiestas, luces, mitos y leyendas, concierto que lo posicion\u00f3 en el gusto de la gente.<\/p>\n","protected":false},"excerpt":{"rendered":"<p>Evlin Arag\u00f3n\/Zona Roja. Oaxaca de Ju\u00e1rez, Oax., 25 de agosto de 2020.- La potente voz&hellip;<\/p>\n","protected":false},"author":2,"featured_media":16776,"comment_status":"closed","ping_status":"open","sticky":false,"template":"","format":"standard","meta":{"_lmt_disableupdate":"","_lmt_disable":"","_jetpack_memberships_contains_paid_content":false,"footnotes":""},"categories":[109,46],"tags":[1890,1958],"class_list":["post-16775","post","type-post","status-publish","format-standard","has-post-thumbnail","hentry","category-minuto-a-minuto","category-zona-blanca","tag-corporacion-oaxaquena-de-radio-y-television-cortv","tag-tenor-rodrigo-petate"],"jetpack_featured_media_url":"https:\/\/zonaroja.com.mx\/wp-content\/uploads\/2020\/08\/Tenor-Rodrigo-Petate.jpg","jetpack_sharing_enabled":true,"_links":{"self":[{"href":"https:\/\/zonaroja.com.mx\/index.php?rest_route=\/wp\/v2\/posts\/16775","targetHints":{"allow":["GET"]}}],"collection":[{"href":"https:\/\/zonaroja.com.mx\/index.php?rest_route=\/wp\/v2\/posts"}],"about":[{"href":"https:\/\/zonaroja.com.mx\/index.php?rest_route=\/wp\/v2\/types\/post"}],"author":[{"embeddable":true,"href":"https:\/\/zonaroja.com.mx\/index.php?rest_route=\/wp\/v2\/users\/2"}],"replies":[{"embeddable":true,"href":"https:\/\/zonaroja.com.mx\/index.php?rest_route=%2Fwp%2Fv2%2Fcomments&post=16775"}],"version-history":[{"count":2,"href":"https:\/\/zonaroja.com.mx\/index.php?rest_route=\/wp\/v2\/posts\/16775\/revisions"}],"predecessor-version":[{"id":16783,"href":"https:\/\/zonaroja.com.mx\/index.php?rest_route=\/wp\/v2\/posts\/16775\/revisions\/16783"}],"wp:featuredmedia":[{"embeddable":true,"href":"https:\/\/zonaroja.com.mx\/index.php?rest_route=\/wp\/v2\/media\/16776"}],"wp:attachment":[{"href":"https:\/\/zonaroja.com.mx\/index.php?rest_route=%2Fwp%2Fv2%2Fmedia&parent=16775"}],"wp:term":[{"taxonomy":"category","embeddable":true,"href":"https:\/\/zonaroja.com.mx\/index.php?rest_route=%2Fwp%2Fv2%2Fcategories&post=16775"},{"taxonomy":"post_tag","embeddable":true,"href":"https:\/\/zonaroja.com.mx\/index.php?rest_route=%2Fwp%2Fv2%2Ftags&post=16775"}],"curies":[{"name":"wp","href":"https:\/\/api.w.org\/{rel}","templated":true}]}}