{"id":1678,"date":"2019-06-18T08:27:26","date_gmt":"2019-06-18T13:27:26","guid":{"rendered":"http:\/\/www.zonaroja.com.mx\/?p=1678"},"modified":"2019-06-18T07:30:51","modified_gmt":"2019-06-18T12:30:51","slug":"otra-vez-el-de-playera-deportiva-asalta-taquilla-del-ado-en-juchitan","status":"publish","type":"post","link":"https:\/\/zonaroja.com.mx\/?p=1678","title":{"rendered":"Otra vez, el de playera deportiva asalta taquilla del ADO en Juchit\u00e1n"},"content":{"rendered":"\n<p>Ismael\nGarc\u00eda M.<\/p>\n\n\n\n<p>Oaxaca de\nJu\u00e1rez, Oax., 18 de junio de 2019.- Por tercera ocasi\u00f3n en poco m\u00e1s de un mes,\nun solitario sujeto, provisto de gorra y playera deportiva, asalt\u00f3 a la luz del\nd\u00eda la taquilla de la empresa Autobuses de Oriente (ADO) ubicada en Juchit\u00e1n de\nZaragoza.<\/p>\n\n\n\n<p>Y por\nen\u00e9sima ocasi\u00f3n, la madrugada de este martes, sujetos desconocidos intentaron\narrancar un cajero autom\u00e1tico en el interior de esa terminal, ubicada en la\navenida 16 de Septiembre de la Primera Secci\u00f3n. <\/p>\n\n\n\n<p>Los sujetos\namagaron a empleados y pasajeros y con apoyo de equipos y herramientas\nquisieron arrancar el aparato pero no lo lograron, tras lo cual huyeron.<\/p>\n\n\n\n<p>Ayer al\nmediod\u00eda, un individuo con playera de la Selecci\u00f3n Mexicana y gorra, ingres\u00f3\ndirecto a una de las taquillas, amag\u00f3 con una pistola a la empleada para exigir\ndinero, luego de lo cual se dio a la fuga.<\/p>\n\n\n\n<p>Apenas el 31\nde mayo al mediod\u00eda, tambi\u00e9n otra persona del sexo masculino, atrac\u00f3 a un\ntrabajador de la taquilla; despu\u00e9s sali\u00f3 del lugar sin que alg\u00fan polic\u00eda se lo\nimpidiera.<\/p>\n\n\n\n<p>Un hecho\nsimilar ocurri\u00f3 pero por la tarde del 11 de mayo en el mismo sitio; hasta el\nmomento, no hay personas detenidas por esos delitos.<\/p>\n\n\n\n<p>Juchit\u00e1n\nvivi\u00f3 tambi\u00e9n una ola de atracos en el transcurso de ayer lunes, con al menos\ncuatro v\u00edctimas, entre ellas una mujer, un trabajador de Banco Azteca y dos\ncuentahabientes, que fueron interceptados a la salida del banco Banorte.<\/p>\n","protected":false},"excerpt":{"rendered":"<p>Ismael Garc\u00eda M. Oaxaca de Ju\u00e1rez, Oax., 18 de junio de 2019.- Por tercera ocasi\u00f3n&hellip;<\/p>\n","protected":false},"author":2,"featured_media":1679,"comment_status":"closed","ping_status":"open","sticky":false,"template":"","format":"standard","meta":{"_lmt_disableupdate":"","_lmt_disable":"","_jetpack_memberships_contains_paid_content":false,"footnotes":""},"categories":[109,51],"tags":[146,123,58],"class_list":["post-1678","post","type-post","status-publish","format-standard","has-post-thumbnail","hentry","category-minuto-a-minuto","category-zona-roja","tag-ado","tag-juchitan-de-zaragoza","tag-oaxaca"],"jetpack_featured_media_url":"https:\/\/zonaroja.com.mx\/wp-content\/uploads\/2019\/06\/4a458cba-8609-4c7e-874b-b47b3723f45d.jpg","jetpack_sharing_enabled":true,"_links":{"self":[{"href":"https:\/\/zonaroja.com.mx\/index.php?rest_route=\/wp\/v2\/posts\/1678","targetHints":{"allow":["GET"]}}],"collection":[{"href":"https:\/\/zonaroja.com.mx\/index.php?rest_route=\/wp\/v2\/posts"}],"about":[{"href":"https:\/\/zonaroja.com.mx\/index.php?rest_route=\/wp\/v2\/types\/post"}],"author":[{"embeddable":true,"href":"https:\/\/zonaroja.com.mx\/index.php?rest_route=\/wp\/v2\/users\/2"}],"replies":[{"embeddable":true,"href":"https:\/\/zonaroja.com.mx\/index.php?rest_route=%2Fwp%2Fv2%2Fcomments&post=1678"}],"version-history":[{"count":1,"href":"https:\/\/zonaroja.com.mx\/index.php?rest_route=\/wp\/v2\/posts\/1678\/revisions"}],"predecessor-version":[{"id":1680,"href":"https:\/\/zonaroja.com.mx\/index.php?rest_route=\/wp\/v2\/posts\/1678\/revisions\/1680"}],"wp:featuredmedia":[{"embeddable":true,"href":"https:\/\/zonaroja.com.mx\/index.php?rest_route=\/wp\/v2\/media\/1679"}],"wp:attachment":[{"href":"https:\/\/zonaroja.com.mx\/index.php?rest_route=%2Fwp%2Fv2%2Fmedia&parent=1678"}],"wp:term":[{"taxonomy":"category","embeddable":true,"href":"https:\/\/zonaroja.com.mx\/index.php?rest_route=%2Fwp%2Fv2%2Fcategories&post=1678"},{"taxonomy":"post_tag","embeddable":true,"href":"https:\/\/zonaroja.com.mx\/index.php?rest_route=%2Fwp%2Fv2%2Ftags&post=1678"}],"curies":[{"name":"wp","href":"https:\/\/api.w.org\/{rel}","templated":true}]}}