{"id":16780,"date":"2020-08-25T18:56:53","date_gmt":"2020-08-25T23:56:53","guid":{"rendered":"http:\/\/www.zonaroja.com.mx\/?p=16780"},"modified":"2020-08-25T18:56:56","modified_gmt":"2020-08-25T23:56:56","slug":"llama-amic-a-constructoras-proteger-a-los-trabajadores-ante-la-pandemia","status":"publish","type":"post","link":"https:\/\/zonaroja.com.mx\/?p=16780","title":{"rendered":"Llama AMIC a constructoras proteger a los trabajadores ante la pandemia"},"content":{"rendered":"\n<p>Redacci\u00f3n\/Zona Roja.<\/p>\n\n\n\n<p>Oaxaca de Ju\u00e1rez, Oax., 25 de agosto de 2020.- El presidente de la Asociaci\u00f3n Mexicana de la Industria de la Construcci\u00f3n (AMIC), Javier Ch\u00e1vez Rosales, asegur\u00f3 que es deber de las empresas constructoras garantizar la salud de los trabajadores de la construcci\u00f3n, ante la pandemia de Covid-19 que afecta al mundo.<\/p>\n\n\n\n<p>En entrevista con medios de informaci\u00f3n, se\u00f1al\u00f3 que cada una de las empresas dedicada al ramo de la construcci\u00f3n debe de poner en marcha un protocolo para evitar contagios, que ha sido dise\u00f1ado por el Instituto Mexicano del Seguro Social.<\/p>\n\n\n\n<p>\u201cEsto nos va a permitir que el sector de la construcci\u00f3n pueda reactivarse m\u00e1s r\u00e1pidamente, sin poner en riesgo la salud y la vida de los trabajadores de la construcci\u00f3n, al igual que los de todas las personas que dependen de la cadena productiva, de este sector\u201d, se\u00f1al\u00f3.<\/p>\n\n\n\n<p>Ch\u00e1vez Rosales exigi\u00f3 tambi\u00e9n a sus agremiados y a las empresas que laboran en este sector, no contratar a personal bajo el r\u00e9gimen de honorarios o lista de raya, es decir, que forzosamente, todas las personas que trabajen en alguna obra de infraestructura, tienen que ser dados de alta ante el Instituto Mexicano del Seguro Social (IMSS) y percibir su sueldo \u00edntegro y sus prestaciones.<\/p>\n\n\n\n<p>\u201cEsto tiene dos vertientes\u201d, dijo el presidente de la AMIC:<\/p>\n\n\n\n<p>\u201cPor una parte, nos aseguramos que, en caso que uno de los trabajadores de la construcci\u00f3n enferme de Covid-19, pueda recibir atenci\u00f3n m\u00e9dica oportuna y salvar su vida, en caso de complicaciones, si es atendido por personal profesional del Seguro Social.<\/p>\n\n\n\n<p>\u201cY, por otra parte, vamos a contribuir a la recuperaci\u00f3n de empleos formales, de manera m\u00e1s r\u00e1pida, que es lo que necesita nuestro pa\u00eds para salir delante de esta crisis econ\u00f3mica, que ha generado la pandemia a nivel global\u201d, dijo.<\/p>\n\n\n\n<p>Ch\u00e1vez Rosales insisti\u00f3 que el sector de la construcci\u00f3n ser\u00e1 uno de los pilares fundamentales para la recuperaci\u00f3n econ\u00f3mica de nuestro pa\u00eds, por lo que pidi\u00f3 a los tres niveles de gobierno, no detener la obra p\u00fablica, para que, a trav\u00e9s de esta actividad, se pueda trabajar por el desarrollo de las regiones y por la recuperaci\u00f3n del empleo.<\/p>\n\n\n\n<p>El presidente de la AMIC invit\u00f3 a todos los empresarios de la construcci\u00f3n a acercarse a la asociaci\u00f3n, para recibir asesor\u00eda legal y financiera, en caso de haber sido afectados econ\u00f3micamente por la epidemia de coronavirus o para recibir orientaci\u00f3n tambi\u00e9n, sobre c\u00f3mo proteger la vida y la salud de los empleados del sector.<\/p>\n","protected":false},"excerpt":{"rendered":"<p>Redacci\u00f3n\/Zona Roja. Oaxaca de Ju\u00e1rez, Oax., 25 de agosto de 2020.- El presidente de la&hellip;<\/p>\n","protected":false},"author":2,"featured_media":16781,"comment_status":"closed","ping_status":"open","sticky":false,"template":"","format":"standard","meta":{"_lmt_disableupdate":"","_lmt_disable":"","_jetpack_memberships_contains_paid_content":false,"footnotes":""},"categories":[109,46],"tags":[1918,1919],"class_list":["post-16780","post","type-post","status-publish","format-standard","has-post-thumbnail","hentry","category-minuto-a-minuto","category-zona-blanca","tag-asociacion-mexicana-de-la-industria-de-la-construccion","tag-javier-chavez-rosales"],"jetpack_featured_media_url":"https:\/\/zonaroja.com.mx\/wp-content\/uploads\/2020\/08\/AMIC-Javier-Rosales.jpg","jetpack_sharing_enabled":true,"_links":{"self":[{"href":"https:\/\/zonaroja.com.mx\/index.php?rest_route=\/wp\/v2\/posts\/16780","targetHints":{"allow":["GET"]}}],"collection":[{"href":"https:\/\/zonaroja.com.mx\/index.php?rest_route=\/wp\/v2\/posts"}],"about":[{"href":"https:\/\/zonaroja.com.mx\/index.php?rest_route=\/wp\/v2\/types\/post"}],"author":[{"embeddable":true,"href":"https:\/\/zonaroja.com.mx\/index.php?rest_route=\/wp\/v2\/users\/2"}],"replies":[{"embeddable":true,"href":"https:\/\/zonaroja.com.mx\/index.php?rest_route=%2Fwp%2Fv2%2Fcomments&post=16780"}],"version-history":[{"count":1,"href":"https:\/\/zonaroja.com.mx\/index.php?rest_route=\/wp\/v2\/posts\/16780\/revisions"}],"predecessor-version":[{"id":16782,"href":"https:\/\/zonaroja.com.mx\/index.php?rest_route=\/wp\/v2\/posts\/16780\/revisions\/16782"}],"wp:featuredmedia":[{"embeddable":true,"href":"https:\/\/zonaroja.com.mx\/index.php?rest_route=\/wp\/v2\/media\/16781"}],"wp:attachment":[{"href":"https:\/\/zonaroja.com.mx\/index.php?rest_route=%2Fwp%2Fv2%2Fmedia&parent=16780"}],"wp:term":[{"taxonomy":"category","embeddable":true,"href":"https:\/\/zonaroja.com.mx\/index.php?rest_route=%2Fwp%2Fv2%2Fcategories&post=16780"},{"taxonomy":"post_tag","embeddable":true,"href":"https:\/\/zonaroja.com.mx\/index.php?rest_route=%2Fwp%2Fv2%2Ftags&post=16780"}],"curies":[{"name":"wp","href":"https:\/\/api.w.org\/{rel}","templated":true}]}}