{"id":16787,"date":"2020-08-25T20:31:12","date_gmt":"2020-08-26T01:31:12","guid":{"rendered":"http:\/\/www.zonaroja.com.mx\/?p=16787"},"modified":"2020-08-25T20:31:16","modified_gmt":"2020-08-26T01:31:16","slug":"en-dia-naranja-remarca-poder-judicial-acciones-a-favor-de-igualdad-de-genero","status":"publish","type":"post","link":"https:\/\/zonaroja.com.mx\/?p=16787","title":{"rendered":"En D\u00eda Naranja, remarca Poder Judicial acciones a favor de igualdad de g\u00e9nero"},"content":{"rendered":"\n<p>Redacci\u00f3n\/Zona Roja.<\/p>\n\n\n\n<p>Oaxaca de Ju\u00e1rez, Oax., 25 de agosto de 2020.- La incorporaci\u00f3n de la perspectiva de g\u00e9nero en la labor jurisdiccional es parte de la modernizaci\u00f3n, por lo que en su aportaci\u00f3n para consolidar una sociedad donde mujeres y hombres tengan el mismo valor, igualdad de derechos y ambientes libres de violencia y discriminaci\u00f3n, el Poder Judicial del Estado impulsa diferentes estrategias.<\/p>\n\n\n\n<p>Entre estas se encuentra la creaci\u00f3n de la Unidad de Igualdad de G\u00e9nero, \u00f3rgano que coadyuva en las acciones a favor de las mujeres y ni\u00f1as, as\u00ed como de mecanismos legales tendientes a promover y a eliminar todas aquellas barreras que enfrenta este sector de la poblaci\u00f3n, as\u00ed como la Gu\u00eda de acciones del Poder Judicial del Estado de Oaxaca para la prevenci\u00f3n y atenci\u00f3n en materia de violencia de g\u00e9nero ante la contingencia del Covid-19.<\/p>\n\n\n\n<p>En el marco del \u201cInforme de Acciones y Resultados, del Primer Periodo 2020\u201d, que present\u00f3 recientemente el magistrado Presidente Eduardo Pinacho S\u00e1nchez para dar a conocer los avances y logros de su administraci\u00f3n de enero a julio, en el eje de Perspectiva de g\u00e9nero se destaca la importancia de dicha \u00e1rea, concebida como un mecanismo de adelanto para las mujeres, incluso no solo a nivel interno, sino tambi\u00e9n a favor de quienes se encuentran en situaci\u00f3n de violencia.<\/p>\n\n\n\n<p>Por otra parte, el Poder Judicial edit\u00f3 y public\u00f3 electr\u00f3nicamente el primer n\u00famero de la colecci\u00f3n \u201cDerechos Humanos y G\u00e9nero, con el t\u00edtulo \u201cMujeres y Poderes Judiciales\u201d y para dar seguimiento al registro de medidas y \u00f3rdenes de protecci\u00f3n a favor de las mujeres y ni\u00f1as v\u00edctimas de violencia, se estableci\u00f3 enlace institucional con el Centro de Reeducaci\u00f3n para Hombres que Ejercen Violencia contra las Mujeres (CRHEVM).<\/p>\n\n\n\n<p>Frente a la situaci\u00f3n sanitaria que se vive por el Covid-19, el Poder Judicial tiene al alcance y disposici\u00f3n de la poblaci\u00f3n el servicio de JusticiaTel, encargado de atender oportunamente a las y los abogados litigantes, as\u00ed como a la ciudadan\u00eda y ser el enlace con las \u00e1reas y direcciones correspondientes, adem\u00e1s de brindar informaci\u00f3n a quienes se encuentren en alg\u00fan proceso jur\u00eddico, a trav\u00e9s del n\u00famero telef\u00f3nico 800 719 22 32.<\/p>\n\n\n\n<p>En el D\u00eda Naranja, que se conmemora el 25 de cada mes, el Tribunal Superior de Justicia y el Consejo de la Judicatura reiteran su llamado a la sociedad a impedir que el confinamiento por la contingencia sanitaria que se vive actualmente propicie abusos, desatenci\u00f3n, negligencia o da\u00f1o a la salud f\u00edsica y mental, o al desarrollo y dignidad de mujeres, ni\u00f1as, ni\u00f1os y adolescentes, as\u00ed como a fortalecer la cultura de la denuncia.<\/p>\n","protected":false},"excerpt":{"rendered":"<p>Redacci\u00f3n\/Zona Roja. Oaxaca de Ju\u00e1rez, Oax., 25 de agosto de 2020.- La incorporaci\u00f3n de la&hellip;<\/p>\n","protected":false},"author":2,"featured_media":16788,"comment_status":"closed","ping_status":"open","sticky":false,"template":"","format":"standard","meta":{"_lmt_disableupdate":"","_lmt_disable":"","_jetpack_memberships_contains_paid_content":false,"footnotes":""},"categories":[109,46],"tags":[223],"class_list":["post-16787","post","type-post","status-publish","format-standard","has-post-thumbnail","hentry","category-minuto-a-minuto","category-zona-blanca","tag-poder-judicial-de-oaxaca"],"jetpack_featured_media_url":"https:\/\/zonaroja.com.mx\/wp-content\/uploads\/2020\/08\/Poder-Judicial-promueve-acciones-a-favor-de-las-mujeres.jpg","jetpack_sharing_enabled":true,"_links":{"self":[{"href":"https:\/\/zonaroja.com.mx\/index.php?rest_route=\/wp\/v2\/posts\/16787","targetHints":{"allow":["GET"]}}],"collection":[{"href":"https:\/\/zonaroja.com.mx\/index.php?rest_route=\/wp\/v2\/posts"}],"about":[{"href":"https:\/\/zonaroja.com.mx\/index.php?rest_route=\/wp\/v2\/types\/post"}],"author":[{"embeddable":true,"href":"https:\/\/zonaroja.com.mx\/index.php?rest_route=\/wp\/v2\/users\/2"}],"replies":[{"embeddable":true,"href":"https:\/\/zonaroja.com.mx\/index.php?rest_route=%2Fwp%2Fv2%2Fcomments&post=16787"}],"version-history":[{"count":1,"href":"https:\/\/zonaroja.com.mx\/index.php?rest_route=\/wp\/v2\/posts\/16787\/revisions"}],"predecessor-version":[{"id":16789,"href":"https:\/\/zonaroja.com.mx\/index.php?rest_route=\/wp\/v2\/posts\/16787\/revisions\/16789"}],"wp:featuredmedia":[{"embeddable":true,"href":"https:\/\/zonaroja.com.mx\/index.php?rest_route=\/wp\/v2\/media\/16788"}],"wp:attachment":[{"href":"https:\/\/zonaroja.com.mx\/index.php?rest_route=%2Fwp%2Fv2%2Fmedia&parent=16787"}],"wp:term":[{"taxonomy":"category","embeddable":true,"href":"https:\/\/zonaroja.com.mx\/index.php?rest_route=%2Fwp%2Fv2%2Fcategories&post=16787"},{"taxonomy":"post_tag","embeddable":true,"href":"https:\/\/zonaroja.com.mx\/index.php?rest_route=%2Fwp%2Fv2%2Ftags&post=16787"}],"curies":[{"name":"wp","href":"https:\/\/api.w.org\/{rel}","templated":true}]}}