{"id":16790,"date":"2020-08-25T20:40:57","date_gmt":"2020-08-26T01:40:57","guid":{"rendered":"http:\/\/www.zonaroja.com.mx\/?p=16790"},"modified":"2020-08-25T20:41:00","modified_gmt":"2020-08-26T01:41:00","slug":"solicitan-al-poder-ejecutivo-estatal-vigilar-subejercicios-y-despedir-a-responsables","status":"publish","type":"post","link":"https:\/\/zonaroja.com.mx\/?p=16790","title":{"rendered":"Solicitan al Poder Ejecutivo estatal vigilar subejercicios y despedir a responsables"},"content":{"rendered":"\n<p>Redacci\u00f3n\/Zona Roja.<\/p>\n\n\n\n<p>Oaxaca de Ju\u00e1rez, Oax., 25 de agosto de 2020.- Mediante un punto de acuerdo presentado ante el Congreso local, se exige al titular del Poder Ejecutivo del Estado de Oaxaca, vigilar que las entidades que manejan recursos p\u00fablicos no registren subejercicios que representen un retroceso para la entidad.<\/p>\n\n\n\n<p>El autor de la medida legislativa, el diputado C\u00e9sar Morales Ni\u00f1o, explic\u00f3 que estos montos ya etiquetados se encuentran destinados para determinados programas, proyectos u obras p\u00fablicas&nbsp; que tienen como objetivo erradicar la pobreza, la marginaci\u00f3n, mejorar la vida e infraestructura ciudadana, generando con ello progreso social.<\/p>\n\n\n\n<p>Sin embargo,&nbsp; los y las titulares de las dependencias ejecutoras, por alguna acci\u00f3n u omisi\u00f3n no cumplen dentro de los plazos correspondientes y con las formalidades necesarias, alg\u00fan tr\u00e1mite o requisito, generando con ello la imposibilidad de concretar el gasto de los recursos asignados.<\/p>\n\n\n\n<p>Lo anterior, provoca la devoluci\u00f3n de dinero al gobierno federal en perjuicio para el estado y a la sociedad en su conjunto. \u00abEl subejercicio de gasto p\u00fablico es evidentemente un insulto y agravio a las grandes necesidades en la entidad\u00bb, dijo Morales Ni\u00f1o.<\/p>\n\n\n\n<p>A ra\u00edz de que la Gerencia Regional Pac\u00edfico Sur de la Comisi\u00f3n Nacional del Agua, notificara a la Comisi\u00f3n Estatal del Agua la posibilidad de que Oaxaca pudiera perder recursos por no presentar proyectos validados en tiempo y forma, es urgente hacer una revisi\u00f3n al resto de las dependencias estatales que operan con recursos federales.<\/p>\n\n\n\n<p>Por eso fue propuesto emitir un exhorto al Gobernador del Estado para que exija a los y las integrantes de su gabinete legal y ampliado, que act\u00faen con diligencia y m\u00e1xima responsabilidad para evitar incurrir en estos actos.<\/p>\n\n\n\n<p>El llamado es tambi\u00e9n para que revise qui\u00e9nes de los integrantes del gabinete han incurrido en esa pr\u00e1ctica, para que a la brevedad posible sean separados del cargo, ya que dicho actuar constituye un acto de corrupci\u00f3n pol\u00edtica y administrativa.<\/p>\n\n\n\n<p>De igual forma atendiendo los principios de m\u00e1xima publicidad, transparencia y rendici\u00f3n de cuentas, fue propuesto que se haga del conocimiento p\u00fablico los montos y qu\u00e9 dependencias han incurrido en estos actos.&nbsp;&nbsp;<\/p>\n","protected":false},"excerpt":{"rendered":"<p>Redacci\u00f3n\/Zona Roja. Oaxaca de Ju\u00e1rez, Oax., 25 de agosto de 2020.- Mediante un punto de&hellip;<\/p>\n","protected":false},"author":2,"featured_media":16791,"comment_status":"closed","ping_status":"open","sticky":false,"template":"","format":"standard","meta":{"_lmt_disableupdate":"","_lmt_disable":"","_jetpack_memberships_contains_paid_content":false,"footnotes":""},"categories":[109,47],"tags":[612],"class_list":["post-16790","post","type-post","status-publish","format-standard","has-post-thumbnail","hentry","category-minuto-a-minuto","category-zona-gris","tag-cesar-morales-nino"],"jetpack_featured_media_url":"https:\/\/zonaroja.com.mx\/wp-content\/uploads\/2020\/08\/Cesar-Morales-N-2.png","jetpack_sharing_enabled":true,"_links":{"self":[{"href":"https:\/\/zonaroja.com.mx\/index.php?rest_route=\/wp\/v2\/posts\/16790","targetHints":{"allow":["GET"]}}],"collection":[{"href":"https:\/\/zonaroja.com.mx\/index.php?rest_route=\/wp\/v2\/posts"}],"about":[{"href":"https:\/\/zonaroja.com.mx\/index.php?rest_route=\/wp\/v2\/types\/post"}],"author":[{"embeddable":true,"href":"https:\/\/zonaroja.com.mx\/index.php?rest_route=\/wp\/v2\/users\/2"}],"replies":[{"embeddable":true,"href":"https:\/\/zonaroja.com.mx\/index.php?rest_route=%2Fwp%2Fv2%2Fcomments&post=16790"}],"version-history":[{"count":1,"href":"https:\/\/zonaroja.com.mx\/index.php?rest_route=\/wp\/v2\/posts\/16790\/revisions"}],"predecessor-version":[{"id":16792,"href":"https:\/\/zonaroja.com.mx\/index.php?rest_route=\/wp\/v2\/posts\/16790\/revisions\/16792"}],"wp:featuredmedia":[{"embeddable":true,"href":"https:\/\/zonaroja.com.mx\/index.php?rest_route=\/wp\/v2\/media\/16791"}],"wp:attachment":[{"href":"https:\/\/zonaroja.com.mx\/index.php?rest_route=%2Fwp%2Fv2%2Fmedia&parent=16790"}],"wp:term":[{"taxonomy":"category","embeddable":true,"href":"https:\/\/zonaroja.com.mx\/index.php?rest_route=%2Fwp%2Fv2%2Fcategories&post=16790"},{"taxonomy":"post_tag","embeddable":true,"href":"https:\/\/zonaroja.com.mx\/index.php?rest_route=%2Fwp%2Fv2%2Ftags&post=16790"}],"curies":[{"name":"wp","href":"https:\/\/api.w.org\/{rel}","templated":true}]}}