{"id":16793,"date":"2020-08-25T21:20:58","date_gmt":"2020-08-26T02:20:58","guid":{"rendered":"http:\/\/www.zonaroja.com.mx\/?p=16793"},"modified":"2020-08-25T21:21:01","modified_gmt":"2020-08-26T02:21:01","slug":"base-sindical-inicia-protestas-contra-dirigente-de-burocratas-ante-nula-informacion","status":"publish","type":"post","link":"https:\/\/zonaroja.com.mx\/?p=16793","title":{"rendered":"Base sindical inicia protestas contra dirigente de bur\u00f3cratas, ante nula informaci\u00f3n"},"content":{"rendered":"\n<p>Yuridiana Sosa\/Zona Roja.<\/p>\n\n\n\n<p>Oaxaca de Ju\u00e1rez, Oax., 25 de agosto de 2020.- Ante la desatenci\u00f3n de la dirigencia que encabeza Juan Ignacio Cruz Villavicencio en el Sindicato de Trabajadores de los Poderes del Estado e Instituciones Descentralizadas de Car\u00e1cter Estatal de Oaxaca (STPEIDCEO) a las demandas laborales, la base sindical inici\u00f3 este martes una jornada de protestas.<\/p>\n\n\n\n<p>Los empleados de base, a\u00fan en medio de la contingencia por Covid 19, se movilizaron para denunciar que el Comit\u00e9 Ejecutivo se ha apartado de los intereses de la fuerza laboral del estado, por lo que comenzaron la jornada con la una \u201ctoma\u201d simb\u00f3lica de las oficinas sindicales, al norte de la capital.<\/p>\n\n\n\n<p>Demandaron una revisi\u00f3n exhaustiva del fondo de pensiones, as\u00ed como informar de manera detallada el estado financiero que guarda \u00e9ste, con el fin de garantizar a los bur\u00f3cratas un retiro digno.<\/p>\n\n\n\n<p>Los empleados de los tres poderes del estado, exigieron a Cruz Villavicencio negociar con el Gobierno del Estado el incremento salarial del 20 por ciento y la restituci\u00f3n del tabulador salarial.<\/p>\n\n\n\n<p>Adem\u00e1s, por la incertidumbre sobre el manejo de los recursos, demandaron al Comit\u00e9 Ejecutivo una auditor\u00eda a las cuotas sindicales, de las que tienen completo desconocimiento de c\u00f3mo se est\u00e1n ejerciendo.<\/p>\n\n\n\n<p>Por lo que, a pesar de la contingencia, consideran urgente y necesaria se convoque a una asamblea general, como lo establecen los estatutos.<\/p>\n\n\n\n<p>Durante su movilizaci\u00f3n los sindicalizados guardaron un minuto de silencio en memoria de los compa\u00f1eros fallecidos v\u00edctimas del Covid-19.<\/p>\n","protected":false},"excerpt":{"rendered":"<p>Yuridiana Sosa\/Zona Roja. Oaxaca de Ju\u00e1rez, Oax., 25 de agosto de 2020.- Ante la desatenci\u00f3n&hellip;<\/p>\n","protected":false},"author":2,"featured_media":16794,"comment_status":"closed","ping_status":"open","sticky":false,"template":"","format":"standard","meta":{"_lmt_disableupdate":"","_lmt_disable":"","_jetpack_memberships_contains_paid_content":false,"footnotes":""},"categories":[109,47],"tags":[1959],"class_list":["post-16793","post","type-post","status-publish","format-standard","has-post-thumbnail","hentry","category-minuto-a-minuto","category-zona-gris","tag-sindicato-de-trabajadores-de-los-poderes-del-estado-e-instituciones-descentralizadas-de-caracter-estatal-de-oaxaca-stpeidceo"],"jetpack_featured_media_url":"https:\/\/zonaroja.com.mx\/wp-content\/uploads\/2020\/08\/Protesta-STSEIDCEO.jpg","jetpack_sharing_enabled":true,"_links":{"self":[{"href":"https:\/\/zonaroja.com.mx\/index.php?rest_route=\/wp\/v2\/posts\/16793","targetHints":{"allow":["GET"]}}],"collection":[{"href":"https:\/\/zonaroja.com.mx\/index.php?rest_route=\/wp\/v2\/posts"}],"about":[{"href":"https:\/\/zonaroja.com.mx\/index.php?rest_route=\/wp\/v2\/types\/post"}],"author":[{"embeddable":true,"href":"https:\/\/zonaroja.com.mx\/index.php?rest_route=\/wp\/v2\/users\/2"}],"replies":[{"embeddable":true,"href":"https:\/\/zonaroja.com.mx\/index.php?rest_route=%2Fwp%2Fv2%2Fcomments&post=16793"}],"version-history":[{"count":1,"href":"https:\/\/zonaroja.com.mx\/index.php?rest_route=\/wp\/v2\/posts\/16793\/revisions"}],"predecessor-version":[{"id":16795,"href":"https:\/\/zonaroja.com.mx\/index.php?rest_route=\/wp\/v2\/posts\/16793\/revisions\/16795"}],"wp:featuredmedia":[{"embeddable":true,"href":"https:\/\/zonaroja.com.mx\/index.php?rest_route=\/wp\/v2\/media\/16794"}],"wp:attachment":[{"href":"https:\/\/zonaroja.com.mx\/index.php?rest_route=%2Fwp%2Fv2%2Fmedia&parent=16793"}],"wp:term":[{"taxonomy":"category","embeddable":true,"href":"https:\/\/zonaroja.com.mx\/index.php?rest_route=%2Fwp%2Fv2%2Fcategories&post=16793"},{"taxonomy":"post_tag","embeddable":true,"href":"https:\/\/zonaroja.com.mx\/index.php?rest_route=%2Fwp%2Fv2%2Ftags&post=16793"}],"curies":[{"name":"wp","href":"https:\/\/api.w.org\/{rel}","templated":true}]}}