{"id":16799,"date":"2020-08-26T09:00:32","date_gmt":"2020-08-26T14:00:32","guid":{"rendered":"http:\/\/www.zonaroja.com.mx\/?p=16799"},"modified":"2020-08-25T21:36:17","modified_gmt":"2020-08-26T02:36:17","slug":"pesimo-el-trabajo-que-realizan-en-vias-ferreas-del-transistmico-denuncian","status":"publish","type":"post","link":"https:\/\/zonaroja.com.mx\/?p=16799","title":{"rendered":"P\u00e9simo, el trabajo que realizan en v\u00edas f\u00e9rreas del Trans\u00edstmico, denuncian"},"content":{"rendered":"\n<p>Yuridiana Sosa\/Zona Roja.<\/p>\n\n\n\n<p>Oaxaca de Ju\u00e1rez, Oax., 26 de agosto de 2020.- Las fuertes lluvias registradas en d\u00edas pasados en Mat\u00edas Romero Avenda\u00f1o, evidenciaron la mala calidad en los trabajos de la modernizaci\u00f3n de las v\u00edas del ferrocarril Salina Cruz-Coatzacoalcos, lo cual representa un riesgo para sus habitantes ante paso del tren en zona urbana.<\/p>\n\n\n\n<p>Los vecinos denunciaron que en la obra no se aplic\u00f3 el relleno de balasto entre los durmientes de las v\u00edas, mientras que el suelo registra un hundimiento tras las lluvias, adem\u00e1s que han detectado tornillos aflojados en las v\u00edas.<\/p>\n\n\n\n<p>La empresa Ferrocarril del Istmo de Tehuantepec, S.A. de C.V. (FIT) es quien tiene asignada la v\u00eda f\u00e9rrea del Istmo de Tehuantepec el tramo de Medias Aguas, Veracruz, a Salina Cruz Oaxaca, con una extensi\u00f3n de 206 Kil\u00f3metros, de la obra total que tiene la finalidad de unir los puertos de Coatzacoalcos, Veracruz con el de Salina Cruz, Oaxaca.<\/p>\n\n\n\n<figure class=\"wp-block-embed-twitter wp-block-embed is-type-rich is-provider-twitter\"><div class=\"wp-block-embed__wrapper\">\n<div class=\"twitter-tweet\"><blockquote class=\"twitter-tweet\" data-lang=\"es\"><p lang=\"es\" dir=\"ltr\"><a href=\"https:\/\/twitter.com\/hashtag\/%C3%9AltimoMinuto?src=hash&amp;ref_src=twsrc%5Etfw\">#\u00daltimoMinuto<\/a> <br>Exhiben los p\u00e9simos trabajos de empresas en la rehabilitaci\u00f3n de las v\u00edas del ferrocarril Salina Cruz-Coatzacoalcos; por las prisas, no hay relleno entre durmientes; el suelo se hundi\u00f3 por la lluvia; hay tornillos aflojados. <br>Video: Monitor Vikingo <a href=\"https:\/\/twitter.com\/Pedro_Matar?ref_src=twsrc%5Etfw\">@Pedro_Matar<\/a> <a href=\"https:\/\/t.co\/1pxdiR7YoW\">pic.twitter.com\/1pxdiR7YoW<\/a><\/p>&mdash; Zona Roja Oaxaca (@MexRoja) <a href=\"https:\/\/twitter.com\/MexRoja\/status\/1297572525266722816?ref_src=twsrc%5Etfw\">23 de agosto de 2020<\/a><\/blockquote><\/div>\n<\/div><\/figure>\n\n\n\n<p>El pasado 7 de junio, en Medias Aguas, Veracruz, el presidente Andr\u00e9s Manuel L\u00f3pez Obrador y el gobernador de Oaxaca, Alejandro Murat dieron el arranque de la obra de rehabilitaci\u00f3n para conectar a ambos estados.<\/p>\n\n\n\n<p>Este 24 de agosto, habitantes de Mat\u00edas Romero y San Juan Guachicovi se manifestaron y bloquearon las v\u00edas en desacuerdo al proyecto federal, as\u00ed como para exigir al gobierno de M\u00e9xico la construcci\u00f3n de un hospital y el pago por parte de Pemex a campesinos afectados con el derrame de combustible en sus tierras.<\/p>\n\n\n\n<p>Decenas de pueblos de la regi\u00f3n del Istmo han manifestado su oposici\u00f3n al megaproyecto trans\u00edstmico, el cual se\u00f1alan est\u00e1 plagado de irregularidades, desde la falta de una plena consulta a los pueblos ind\u00edgenas, previa e informada, hasta de la Manifestaci\u00f3n de Impacto Ambiental apegada a la realidad.<\/p>\n","protected":false},"excerpt":{"rendered":"<p>Yuridiana Sosa\/Zona Roja. Oaxaca de Ju\u00e1rez, Oax., 26 de agosto de 2020.- Las fuertes lluvias&hellip;<\/p>\n","protected":false},"author":2,"featured_media":16800,"comment_status":"closed","ping_status":"open","sticky":false,"template":"","format":"standard","meta":{"_lmt_disableupdate":"","_lmt_disable":"","_jetpack_memberships_contains_paid_content":false,"footnotes":""},"categories":[109,47],"tags":[1742],"class_list":["post-16799","post","type-post","status-publish","format-standard","has-post-thumbnail","hentry","category-minuto-a-minuto","category-zona-gris","tag-ferrocarril-del-istmo-de-tehuantepec"],"jetpack_featured_media_url":"https:\/\/zonaroja.com.mx\/wp-content\/uploads\/2020\/08\/Ferrocarril-del-Istmo.jpg","jetpack_sharing_enabled":true,"_links":{"self":[{"href":"https:\/\/zonaroja.com.mx\/index.php?rest_route=\/wp\/v2\/posts\/16799","targetHints":{"allow":["GET"]}}],"collection":[{"href":"https:\/\/zonaroja.com.mx\/index.php?rest_route=\/wp\/v2\/posts"}],"about":[{"href":"https:\/\/zonaroja.com.mx\/index.php?rest_route=\/wp\/v2\/types\/post"}],"author":[{"embeddable":true,"href":"https:\/\/zonaroja.com.mx\/index.php?rest_route=\/wp\/v2\/users\/2"}],"replies":[{"embeddable":true,"href":"https:\/\/zonaroja.com.mx\/index.php?rest_route=%2Fwp%2Fv2%2Fcomments&post=16799"}],"version-history":[{"count":1,"href":"https:\/\/zonaroja.com.mx\/index.php?rest_route=\/wp\/v2\/posts\/16799\/revisions"}],"predecessor-version":[{"id":16801,"href":"https:\/\/zonaroja.com.mx\/index.php?rest_route=\/wp\/v2\/posts\/16799\/revisions\/16801"}],"wp:featuredmedia":[{"embeddable":true,"href":"https:\/\/zonaroja.com.mx\/index.php?rest_route=\/wp\/v2\/media\/16800"}],"wp:attachment":[{"href":"https:\/\/zonaroja.com.mx\/index.php?rest_route=%2Fwp%2Fv2%2Fmedia&parent=16799"}],"wp:term":[{"taxonomy":"category","embeddable":true,"href":"https:\/\/zonaroja.com.mx\/index.php?rest_route=%2Fwp%2Fv2%2Fcategories&post=16799"},{"taxonomy":"post_tag","embeddable":true,"href":"https:\/\/zonaroja.com.mx\/index.php?rest_route=%2Fwp%2Fv2%2Ftags&post=16799"}],"curies":[{"name":"wp","href":"https:\/\/api.w.org\/{rel}","templated":true}]}}