{"id":16802,"date":"2020-08-25T21:49:10","date_gmt":"2020-08-26T02:49:10","guid":{"rendered":"http:\/\/www.zonaroja.com.mx\/?p=16802"},"modified":"2020-08-25T21:49:15","modified_gmt":"2020-08-26T02:49:15","slug":"registra-oaxaca-este-martes-solo-siete-casos-de-covid-19-y-11-decesos","status":"publish","type":"post","link":"https:\/\/zonaroja.com.mx\/?p=16802","title":{"rendered":"Registra Oaxaca este martes s\u00f3lo siete casos de Covid-19 y 11 decesos"},"content":{"rendered":"\n<p>Redacci\u00f3n\/Zona Roja.<\/p>\n\n\n\n<p>Oaxaca de Ju\u00e1rez, Oax. 25 de agosto de 2020.- Los Servicios de Salud de Oaxaca (SSO) informaron que este martes 25 de agosto, se notificaron \u00fanicamente siete contagios nuevos de COVID-19 en cinco municipios, esto debido a que la Jurisdicci\u00f3n Sanitaria de Valles Centrales &#8211;por asuntos&nbsp; administrativos&#8211; no pudo emitir su reporte diario.<\/p>\n\n\n\n<p>En este sentido, se mantienen un acumulado de 13 mil 090 casos positivos en todo el estado, de esta cifra 406 se encuentran como activos, expuso la dependencia en un comunicado.<\/p>\n\n\n\n<p>Report\u00f3 asimismo 11 fallecimientos m\u00e1s a causa de la patolog\u00eda v\u00edrica, para un total de mil 235 personas que han perdido la vida a causa del nuevo coronavirus.<\/p>\n\n\n\n<p>Enfatiz\u00f3 que al corte del este martes se tiene un acumulado de 19 mil 421 pruebas realizadas para el diagn\u00f3stico del padecimiento, cinco mil 641 muestras negativas, 690 personas en espera de resultados por laboratorio y 11 mil 449 se han recuperado de la infecci\u00f3n respiratoria.<\/p>\n\n\n\n<p>Se\u00f1al\u00f3 que de acuerdo a los municipios que presentaron diagn\u00f3sticos nuevos de la enfermedad este d\u00eda, se encuentra: Oaxaca de Ju\u00e1rez, Heroica Ciudad de Huajuapan de Le\u00f3n, Santo Domingo Tehuantepec, San Francisco Telixtlahuaca y El Espinal.<\/p>\n\n\n\n<p>En relaci\u00f3n a las Jurisdicciones Sanitarias, agreg\u00f3 que, Tuxtepec contabiliz\u00f3 un acumulado de mil 592, Istmo mil 352, Mixteca 778, Costa 569 y la Sierra (Norte) 220.<\/p>\n\n\n\n<p>Enfatiz\u00f3 que de acuerdo con las estad\u00edsticas oficiales del n\u00famero acumulado de positivos, dos mil 911 son pacientes que se han hospitalizado en las unidades m\u00e9dicas del sector y 10 mil 179 cursaron el padecimiento en sus domicilios.<\/p>\n\n\n\n<p>Asimismo, este martes la red hospitalaria se encuentra al 41% de ocupaci\u00f3n de camas, de esta cifra el 47.4% corresponde a camas de observaci\u00f3n y el 27.8 con asistencia ventilatoria.<\/p>\n\n\n\n<p>Pidi\u00f3 reforzar las medidas de higiene y limpieza, as\u00ed como sumarse al reto 40 d\u00edas con cubrebocas, y ante cualquier s\u00edntoma respiratorio marcar a los n\u00fameros:&nbsp; 800 770 8437, 951 516 8242, 951 516 1220, y por whatsapp 951 297 57 41, en donde personal capacitado dar\u00e1 instrucciones y seguimiento de los pacientes reportados.<\/p>\n","protected":false},"excerpt":{"rendered":"<p>Redacci\u00f3n\/Zona Roja. Oaxaca de Ju\u00e1rez, Oax. 25 de agosto de 2020.- Los Servicios de Salud&hellip;<\/p>\n","protected":false},"author":2,"featured_media":16803,"comment_status":"closed","ping_status":"open","sticky":false,"template":"","format":"standard","meta":{"_lmt_disableupdate":"","_lmt_disable":"","_jetpack_memberships_contains_paid_content":false,"footnotes":""},"categories":[109,47],"tags":[1512],"class_list":["post-16802","post","type-post","status-publish","format-standard","has-post-thumbnail","hentry","category-minuto-a-minuto","category-zona-gris","tag-coronavirus-oaxaca"],"jetpack_featured_media_url":"https:\/\/zonaroja.com.mx\/wp-content\/uploads\/2020\/08\/SSO.jpeg","jetpack_sharing_enabled":true,"_links":{"self":[{"href":"https:\/\/zonaroja.com.mx\/index.php?rest_route=\/wp\/v2\/posts\/16802","targetHints":{"allow":["GET"]}}],"collection":[{"href":"https:\/\/zonaroja.com.mx\/index.php?rest_route=\/wp\/v2\/posts"}],"about":[{"href":"https:\/\/zonaroja.com.mx\/index.php?rest_route=\/wp\/v2\/types\/post"}],"author":[{"embeddable":true,"href":"https:\/\/zonaroja.com.mx\/index.php?rest_route=\/wp\/v2\/users\/2"}],"replies":[{"embeddable":true,"href":"https:\/\/zonaroja.com.mx\/index.php?rest_route=%2Fwp%2Fv2%2Fcomments&post=16802"}],"version-history":[{"count":1,"href":"https:\/\/zonaroja.com.mx\/index.php?rest_route=\/wp\/v2\/posts\/16802\/revisions"}],"predecessor-version":[{"id":16804,"href":"https:\/\/zonaroja.com.mx\/index.php?rest_route=\/wp\/v2\/posts\/16802\/revisions\/16804"}],"wp:featuredmedia":[{"embeddable":true,"href":"https:\/\/zonaroja.com.mx\/index.php?rest_route=\/wp\/v2\/media\/16803"}],"wp:attachment":[{"href":"https:\/\/zonaroja.com.mx\/index.php?rest_route=%2Fwp%2Fv2%2Fmedia&parent=16802"}],"wp:term":[{"taxonomy":"category","embeddable":true,"href":"https:\/\/zonaroja.com.mx\/index.php?rest_route=%2Fwp%2Fv2%2Fcategories&post=16802"},{"taxonomy":"post_tag","embeddable":true,"href":"https:\/\/zonaroja.com.mx\/index.php?rest_route=%2Fwp%2Fv2%2Ftags&post=16802"}],"curies":[{"name":"wp","href":"https:\/\/api.w.org\/{rel}","templated":true}]}}