{"id":16808,"date":"2020-08-26T08:00:40","date_gmt":"2020-08-26T13:00:40","guid":{"rendered":"http:\/\/www.zonaroja.com.mx\/?p=16808"},"modified":"2020-08-26T08:00:45","modified_gmt":"2020-08-26T13:00:45","slug":"muere-octavo-presidente-municipal-de-oaxaca-ahora-de-zahuatlan","status":"publish","type":"post","link":"https:\/\/zonaroja.com.mx\/?p=16808","title":{"rendered":"Muere octavo presidente municipal de Oaxaca, ahora de Zahuatl\u00e1n"},"content":{"rendered":"\n<p>Redacci\u00f3n\/Zona Roja.<\/p>\n\n\n\n<p>Oaxaca de Ju\u00e1rez, Oax., 26 de agosto de 2020.- Un octavo presidente municipal de Oaxaca falleci\u00f3 en el transcurso de este a\u00f1o.<\/p>\n\n\n\n<p>Anoche, en un percance vehicular ocurrido en la carretera Mariscala de Ju\u00e1rez-Huajuapan de Le\u00f3n, muri\u00f3 Sim\u00f3n Ursino Baz\u00e1n M\u00e9ndez, edil de San Sim\u00f3n Zahuatl\u00e1n, municipio de la regi\u00f3n Mixteca.<\/p>\n\n\n\n<p>Asimismo, result\u00f3 lesionado el s\u00edndico municipal mientras que el regidor de Hacienda, quien conduc\u00eda la camioneta oficial, se dio a la fuga.<\/p>\n\n\n\n<p>Hasta el momento se desconocen las causas por las que ocurri\u00f3 el percance, cerca de la colonia Sina\u00ed de Huajuapan. El s\u00edndico convalece en un hospital de dicha ciudad mixteca.<\/p>\n\n\n\n<p>Por otra parte, apenas el lunes perdi\u00f3 la vida el presidente municipal de San Bartolom\u00e9 Quialana, Tlacolula, Victoriano G\u00f3mez Mart\u00ednez, presuntamente a causa del Covid-19.<\/p>\n\n\n\n<p>El primer edil que falleci\u00f3 en Oaxaca a causa del SARS-CoV-2 fue el de Reyes, Etla, Javier Santiago Ruiz, en mayo pasado.<\/p>\n\n\n\n<p>Le siguieron Florencio San Germ\u00e1n Santiago, de San Baltazar Chichic\u00e1pam, y Artemio Ortiz Ricardez, de Tamazul\u00e1pam del Esp\u00edritu Santo, y despu\u00e9s Fernando Bautista D\u00e1vila, de San Juan Bautista Tuxtepec.<\/p>\n\n\n\n<p>El 17 de agosto se conoci\u00f3 la muerte a causa de Covid del alcalde de Mat\u00edas Romero, Alfredo Ju\u00e1rez, y el viernes pasado muri\u00f3 Pedro Esc\u00e1rcega P\u00e9rez, de Santiago Jocotepec.<\/p>\n","protected":false},"excerpt":{"rendered":"<p>Redacci\u00f3n\/Zona Roja. Oaxaca de Ju\u00e1rez, Oax., 26 de agosto de 2020.- Un octavo presidente municipal&hellip;<\/p>\n","protected":false},"author":2,"featured_media":16809,"comment_status":"closed","ping_status":"open","sticky":false,"template":"","format":"standard","meta":{"_lmt_disableupdate":"","_lmt_disable":"","_jetpack_memberships_contains_paid_content":false,"footnotes":""},"categories":[109,51],"tags":[1961,1962],"class_list":["post-16808","post","type-post","status-publish","format-standard","has-post-thumbnail","hentry","category-minuto-a-minuto","category-zona-roja","tag-san-simon-zahuatlan","tag-simon-ursino-bazan-mendez"],"jetpack_featured_media_url":"https:\/\/zonaroja.com.mx\/wp-content\/uploads\/2020\/08\/Edil-Zahuatlan-accidente.jpg","jetpack_sharing_enabled":true,"_links":{"self":[{"href":"https:\/\/zonaroja.com.mx\/index.php?rest_route=\/wp\/v2\/posts\/16808","targetHints":{"allow":["GET"]}}],"collection":[{"href":"https:\/\/zonaroja.com.mx\/index.php?rest_route=\/wp\/v2\/posts"}],"about":[{"href":"https:\/\/zonaroja.com.mx\/index.php?rest_route=\/wp\/v2\/types\/post"}],"author":[{"embeddable":true,"href":"https:\/\/zonaroja.com.mx\/index.php?rest_route=\/wp\/v2\/users\/2"}],"replies":[{"embeddable":true,"href":"https:\/\/zonaroja.com.mx\/index.php?rest_route=%2Fwp%2Fv2%2Fcomments&post=16808"}],"version-history":[{"count":1,"href":"https:\/\/zonaroja.com.mx\/index.php?rest_route=\/wp\/v2\/posts\/16808\/revisions"}],"predecessor-version":[{"id":16810,"href":"https:\/\/zonaroja.com.mx\/index.php?rest_route=\/wp\/v2\/posts\/16808\/revisions\/16810"}],"wp:featuredmedia":[{"embeddable":true,"href":"https:\/\/zonaroja.com.mx\/index.php?rest_route=\/wp\/v2\/media\/16809"}],"wp:attachment":[{"href":"https:\/\/zonaroja.com.mx\/index.php?rest_route=%2Fwp%2Fv2%2Fmedia&parent=16808"}],"wp:term":[{"taxonomy":"category","embeddable":true,"href":"https:\/\/zonaroja.com.mx\/index.php?rest_route=%2Fwp%2Fv2%2Fcategories&post=16808"},{"taxonomy":"post_tag","embeddable":true,"href":"https:\/\/zonaroja.com.mx\/index.php?rest_route=%2Fwp%2Fv2%2Ftags&post=16808"}],"curies":[{"name":"wp","href":"https:\/\/api.w.org\/{rel}","templated":true}]}}