{"id":16812,"date":"2020-08-26T09:33:10","date_gmt":"2020-08-26T14:33:10","guid":{"rendered":"https:\/\/www.zonaroja.com.mx\/?p=16812"},"modified":"2020-08-26T09:33:15","modified_gmt":"2020-08-26T14:33:15","slug":"acusan-a-la-cea-de-simular-respuesta-ante-resolucion-judicial-a-favor-de-ayutla","status":"publish","type":"post","link":"https:\/\/zonaroja.com.mx\/?p=16812","title":{"rendered":"Acusan a la CEA de simular respuesta ante resoluci\u00f3n judicial a favor de Ayutla"},"content":{"rendered":"\n<p class=\"MsoNormal\">Evlin Arag\u00f3n\/&nbsp;<\/p>\n\n\n\n<p class=\"MsoNormal\">\u201cEl gobierno de Alejandro Murat uevamente hace un uso alevoso de la buena voluntad de nuestras autoridades que han recibido a funcionarios, tomando y difundiendo im\u00e1genes ajenas a la realidad de la situaci\u00f3n social que se est\u00e1 viviendo y de los acuerdos propios que se han establecido\u201d. <\/p>\n\n\n\n<p class=\"MsoNormal\">Es el mensaje del activista ayuujk Joaqu\u00edn Galv\u00e1n, que junto con cientos de personas, se ha pronunciado en constantes ocasiones por la reinstalaci\u00f3n del servicio de agua en la comunidad de San Pedro y San Pablo Ayutla, que desde hace m\u00e1s de tres a\u00f1os ha enfrentado la vulneraci\u00f3n de su derecho al vital l\u00edquido.  <\/p>\n\n\n\n<p class=\"MsoNormal\">A trav\u00e9s de sus redes sociales cuestion\u00f3 la m\u00e1s reciente acci\u00f3n por parte del gobierno de Oaxaca, que trav\u00e9s del titular de la Comisi\u00f3n Estatal del Agua (CEA), H\u00e9ctor Pablo Ram\u00edrez Puga, difundi\u00f3 la construcci\u00f3n de un pozo de agua para dar soluci\u00f3n a la problem\u00e1tica, a sabiendas que la demanda de la localidad desde un inicio ha sido la reconexi\u00f3n al manantial del que fueron despojados por sus vecinos de Tamazul\u00e1pam del Esp\u00edritu Santo.  <\/p>\n\n\n\n<p class=\"MsoNormal\">\u201cNuestras autoridades dejaron claro a @hectorpablo_ que esa obra de \u2018pozo\u2019 es auxiliar y no restaurativa. Nuestra comunidad fue clara en que esa obra no debe ser usada como mecanismo del gobierno estatal para deslindarse de su obligaci\u00f3n de restaurar el agua del manantial de Ayutla a la brevedad\u201d, manifest\u00f3.  <\/p>\n\n\n\n<p class=\"MsoNormal\">El activista explic\u00f3 que la obra celebrada por el titular de la CEA y el propio gobernador, Alejandro Murat Hinojosa, a trav\u00e9s de sus redes sociales, carece de certeza t\u00e9cnica toda vez que no garantiza la existencia de agua suficiente y salubre para la comunidad.&nbsp;<\/p>\n\n\n\n<p class=\"MsoNormal\">Adem\u00e1s, nada se sabe sobre la inversi\u00f3n, realizaci\u00f3n y mantenimiento de la misma, por lo que la Asamblea Comunitaria ya ha solicitado que se hagan p\u00fablicos los datos antes de autorizar cualquier tipo de obra, que de ninguna forma implica el cumplimiento de la orden del Juez Federal que refiere de forma textual la reconexi\u00f3n del manantial \u201cJ\u00eb\u00ebnany\u00ebj\u201d que les fue despojado de forma violenta, con lo que se reestablecer\u00e1 el derecho humano de Ayutla. <\/p>\n\n\n\n<p class=\"MsoNormal\">\u201c@alejandromurat y @hectorpablo_ generan una estrategia para deshabilitar la principal demanda social de #AguaParaAyutlaYa difundiendo im\u00e1genes y comunicados sin autorizaci\u00f3n de nuestra asamblea de comuneros siendo q es un tema de inter\u00e9s comunitario ante una sentencia clara\u201d.&nbsp;&nbsp;<\/p>\n\n\n\n<p class=\"MsoNormal\">Finalmente, asegur\u00f3 que no es la primera vez que el gobierno actual simula soluciones, tal como sucedi\u00f3 en el 2017 y en el 2019 que difundieron un acuerdo falso entre Ayutla y Tamazul\u00e1pam con tal de no lidiar con el tema y dejar impune al grupo criminal que asesin\u00f3 y tirote\u00f3 a nuestra comunidad. <\/p>\n\n\n\n<p class=\"MsoNormal\"><a href=\"\/\/0\">Este martes<\/a>, el titular de la Comisi\u00f3n Estatal del Agua del gobierno de Oaxaca (CEA), H\u00e9ctor Pablo Ram\u00edrez Puga, anunci\u00f3 que se perfora un pozo profundo con el cual se busca dotar de agua \u201csuficiente y de calidad\u201d a San Pedro y San Pablo Ayutla, comunidad ayuujk (mixe), con una inversi\u00f3n de 4.9 millones de pesos, proyecto que contempla la red de conducci\u00f3n del agua potable y del suministro de energ\u00eda el\u00e9ctrica.  <\/p>\n","protected":false},"excerpt":{"rendered":"<p>Evlin Arag\u00f3n\/&nbsp; \u201cEl gobierno de Alejandro Murat uevamente hace un uso alevoso de la buena&hellip;<\/p>\n","protected":false},"author":2,"featured_media":16811,"comment_status":"closed","ping_status":"open","sticky":false,"template":"","format":"standard","meta":{"_lmt_disableupdate":"","_lmt_disable":"","_jetpack_memberships_contains_paid_content":false,"footnotes":""},"categories":[109,47],"tags":[1147],"class_list":["post-16812","post","type-post","status-publish","format-standard","has-post-thumbnail","hentry","category-minuto-a-minuto","category-zona-gris","tag-san-pedro-y-san-pablo-ayutla"],"jetpack_featured_media_url":"https:\/\/zonaroja.com.mx\/wp-content\/uploads\/2020\/08\/5.jpg","jetpack_sharing_enabled":true,"_links":{"self":[{"href":"https:\/\/zonaroja.com.mx\/index.php?rest_route=\/wp\/v2\/posts\/16812","targetHints":{"allow":["GET"]}}],"collection":[{"href":"https:\/\/zonaroja.com.mx\/index.php?rest_route=\/wp\/v2\/posts"}],"about":[{"href":"https:\/\/zonaroja.com.mx\/index.php?rest_route=\/wp\/v2\/types\/post"}],"author":[{"embeddable":true,"href":"https:\/\/zonaroja.com.mx\/index.php?rest_route=\/wp\/v2\/users\/2"}],"replies":[{"embeddable":true,"href":"https:\/\/zonaroja.com.mx\/index.php?rest_route=%2Fwp%2Fv2%2Fcomments&post=16812"}],"version-history":[{"count":1,"href":"https:\/\/zonaroja.com.mx\/index.php?rest_route=\/wp\/v2\/posts\/16812\/revisions"}],"predecessor-version":[{"id":16813,"href":"https:\/\/zonaroja.com.mx\/index.php?rest_route=\/wp\/v2\/posts\/16812\/revisions\/16813"}],"wp:featuredmedia":[{"embeddable":true,"href":"https:\/\/zonaroja.com.mx\/index.php?rest_route=\/wp\/v2\/media\/16811"}],"wp:attachment":[{"href":"https:\/\/zonaroja.com.mx\/index.php?rest_route=%2Fwp%2Fv2%2Fmedia&parent=16812"}],"wp:term":[{"taxonomy":"category","embeddable":true,"href":"https:\/\/zonaroja.com.mx\/index.php?rest_route=%2Fwp%2Fv2%2Fcategories&post=16812"},{"taxonomy":"post_tag","embeddable":true,"href":"https:\/\/zonaroja.com.mx\/index.php?rest_route=%2Fwp%2Fv2%2Ftags&post=16812"}],"curies":[{"name":"wp","href":"https:\/\/api.w.org\/{rel}","templated":true}]}}