{"id":16815,"date":"2020-08-26T12:16:46","date_gmt":"2020-08-26T17:16:46","guid":{"rendered":"https:\/\/www.zonaroja.com.mx\/?p=16815"},"modified":"2020-08-26T16:37:19","modified_gmt":"2020-08-26T21:37:19","slug":"suman-esfuerzos-stauo-y-sua-respaldan-reforma-a-pensiones-en-la-uabjo","status":"publish","type":"post","link":"https:\/\/zonaroja.com.mx\/?p=16815","title":{"rendered":"Suman esfuerzos STAUO y SUA; respaldan reforma a pensiones en la UABJO"},"content":{"rendered":"\n<p class=\"MsoNormal\">Evlin Arag\u00f3n\/ Zona Roja.<\/p>\n\n\n\n<p class=\"MsoNormal\">Oaxaca de Ju\u00e1rez, Oax., 26 de agosto de 2020.- Integrantes del Sindicato de Trabajadores Acad\u00e9micos de la Universidad de Oaxaca (STAUO) y del Sindicato Universitario de Acad\u00e9micos (SUA) anunciaron hoy una alianza hist\u00f3rica con miras a impulsar reformas a la UABJO, entre ellas al sistema de pensiones. <\/p>\n\n\n\n<p class=\"MsoNormal\">La fusi\u00f3n sindical se har\u00e1 oficial ante la Junta de Conciliaci\u00f3n y Arbitraje una vez que abra sus oficinas, las cuales se han mantenido cerradas por la contingencia del Covid-19, a la par que hicieron un llamado a los dem\u00e1s sindicatos de la Universidad Aut\u00f3noma \u201cBenito Ju\u00e1rez\u201d de Oaxaca para unificar el rumbo de la base trabajadora, dejando \u00fanicamente dos gremios, uno de acad\u00e9micos y otro de administrativos.   <\/p>\n\n\n\n<p class=\"MsoNormal\">\u201cEl compromiso de fondo es luchar y encaminarnos para construir una sola organizaci\u00f3n sindical de trabajadores acad\u00e9micos. Convocamos a todos los compa\u00f1eros universitarios a refundar nuestra Universidad con los m\u00e1s elevados principios emanados de su historia que la han hecho trascender en la vida nacional\u201d, refiri\u00f3  <a href=\"\/\/0\">este mi\u00e9rcoles<\/a> Enrique Mart\u00ednez como parte del posicionamiento p\u00fablico.  <\/p>\n\n\n\n<p class=\"MsoNormal\">El representante del STAUO, asegur\u00f3 que la unidad reci\u00e9n anunciada busca reformar de forma estructural a la UABJO con la firme intenci\u00f3n de combatir los a\u00f1ejos males y sanearla desde el interior, atendiendo as\u00ed la grave situaci\u00f3n a la que se enfrenta actualmente en materia financiera. <\/p>\n\n\n\n<p class=\"MsoNormal\">Por lo anterior plantearan una serie de acciones que incluye una nueva Ley Org\u00e1nica que coloque como una prioridad el desarrollo acad\u00e9mico e institucional y un conjunto de reformas que garanticen la transparencia, la rendici\u00f3n de cuentas y el uso honesto del subsidio p\u00fablico e ingresos propio, sin dejar de lado el combate al porrismo y a la simulaci\u00f3n.\u00a0\u00a0<\/p>\n\n\n\n<figure class=\"wp-block-embed-twitter wp-block-embed is-type-rich is-provider-twitter\"><div class=\"wp-block-embed__wrapper\">\n<div class=\"twitter-tweet\"><blockquote class=\"twitter-tweet\" data-lang=\"es\"><p lang=\"es\" dir=\"ltr\"><a href=\"https:\/\/twitter.com\/hashtag\/ENVIVO?src=hash&amp;ref_src=twsrc%5Etfw\">#ENVIVO<\/a><br>Oaxaca de Ju\u00e1rez, Oax., 26 de agosto de 2020.- Conferencia de prensa del Sindicato de Trabajadores Acad\u00e9micos de la Universidad de Oaxaca (STAUO) en coordinaci\u00f3n con el Sindicato Universitario de Acad\u00e9micos (SUA); forman uni\u00f3n.  <br>Aqu\u00ed enlace: \ud83d\udc47<a href=\"https:\/\/t.co\/AGbE8iZuKo\">https:\/\/t.co\/AGbE8iZuKo<\/a> <a href=\"https:\/\/t.co\/w72dWxuywG\">pic.twitter.com\/w72dWxuywG<\/a><\/p>&mdash; Zona Roja Oaxaca (@MexRoja) <a href=\"https:\/\/twitter.com\/MexRoja\/status\/1298644258253967361?ref_src=twsrc%5Etfw\">26 de agosto de 2020<\/a><\/blockquote><\/div>\n<\/div><\/figure>\n\n\n\n<p class=\"MsoNormal\">As\u00ed mismo, el reconocimiento de la plantilla de personal docente y administrativo, la homologaci\u00f3n salarial con las universidades p\u00fablicas nacionales, un nuevo tabulador y una nueva Ley de Pensiones para darle seguridad a las y los empleados, que necesariamente incluir\u00eda el an\u00e1lisis profundo del actual Fondo de Pensiones. <\/p>\n\n\n\n<p class=\"MsoNormal\">Todo lo anterior con miras a integrar un solo proyecto sindical al interior de la UABJO, tal y como se ha visto reflejado en la pol\u00edtica federal impulsada por el presidente de M\u00e9xico, Andr\u00e9s Manuel L\u00f3pez Obrador y que ya es una realidad en otras universidades nacionales.&nbsp;&nbsp;&nbsp;<\/p>\n\n\n\n<p class=\"MsoNormal\">De acuerdo con lo expuesto por Enrique Mart\u00ednez la alianza podr\u00eda alcanzar para generar acuerdos importantes y lanzar un candidato en com\u00fan para ocupar la Rector\u00eda de la UABJO, lo cual evitar\u00eda el desgaste que se vive en todo proceso de transici\u00f3n e incluso la violencia que se genera en el marco de las elecciones.&nbsp;<\/p>\n\n\n\n<p class=\"MsoNormal\">Raz\u00f3n por la que insisti\u00f3 en el llamado respetuoso a integrantes de los dem\u00e1s sindicatos para escuchar el proyecto y considerar un frente en com\u00fan que permita refundar la M\u00e1xima Casa de Estudios. <\/p>\n\n\n\n<p>En el acto particip\u00f3 tambi\u00e9n Silviano Cabrera G\u00f3mez, quien coincidi\u00f3 en las reformas laborales y sindicales un requiere la Universidad Aut\u00f3noma \u201cBenito Ju\u00e1rez\u201d de Oaxaca. <\/p>\n","protected":false},"excerpt":{"rendered":"<p>Evlin Arag\u00f3n\/ Zona Roja. Oaxaca de Ju\u00e1rez, Oax., 26 de agosto de 2020.- Integrantes del&hellip;<\/p>\n","protected":false},"author":2,"featured_media":16814,"comment_status":"closed","ping_status":"open","sticky":false,"template":"","format":"standard","meta":{"_lmt_disableupdate":"","_lmt_disable":"","_jetpack_memberships_contains_paid_content":false,"footnotes":""},"categories":[109,46],"tags":[],"class_list":["post-16815","post","type-post","status-publish","format-standard","has-post-thumbnail","hentry","category-minuto-a-minuto","category-zona-blanca"],"jetpack_featured_media_url":"https:\/\/zonaroja.com.mx\/wp-content\/uploads\/2020\/08\/ae8f78fd-0fb1-41b0-9a10-e9fedffd2e0e.jpg","jetpack_sharing_enabled":true,"_links":{"self":[{"href":"https:\/\/zonaroja.com.mx\/index.php?rest_route=\/wp\/v2\/posts\/16815","targetHints":{"allow":["GET"]}}],"collection":[{"href":"https:\/\/zonaroja.com.mx\/index.php?rest_route=\/wp\/v2\/posts"}],"about":[{"href":"https:\/\/zonaroja.com.mx\/index.php?rest_route=\/wp\/v2\/types\/post"}],"author":[{"embeddable":true,"href":"https:\/\/zonaroja.com.mx\/index.php?rest_route=\/wp\/v2\/users\/2"}],"replies":[{"embeddable":true,"href":"https:\/\/zonaroja.com.mx\/index.php?rest_route=%2Fwp%2Fv2%2Fcomments&post=16815"}],"version-history":[{"count":2,"href":"https:\/\/zonaroja.com.mx\/index.php?rest_route=\/wp\/v2\/posts\/16815\/revisions"}],"predecessor-version":[{"id":16829,"href":"https:\/\/zonaroja.com.mx\/index.php?rest_route=\/wp\/v2\/posts\/16815\/revisions\/16829"}],"wp:featuredmedia":[{"embeddable":true,"href":"https:\/\/zonaroja.com.mx\/index.php?rest_route=\/wp\/v2\/media\/16814"}],"wp:attachment":[{"href":"https:\/\/zonaroja.com.mx\/index.php?rest_route=%2Fwp%2Fv2%2Fmedia&parent=16815"}],"wp:term":[{"taxonomy":"category","embeddable":true,"href":"https:\/\/zonaroja.com.mx\/index.php?rest_route=%2Fwp%2Fv2%2Fcategories&post=16815"},{"taxonomy":"post_tag","embeddable":true,"href":"https:\/\/zonaroja.com.mx\/index.php?rest_route=%2Fwp%2Fv2%2Ftags&post=16815"}],"curies":[{"name":"wp","href":"https:\/\/api.w.org\/{rel}","templated":true}]}}