{"id":16818,"date":"2020-08-26T14:09:46","date_gmt":"2020-08-26T19:09:46","guid":{"rendered":"https:\/\/www.zonaroja.com.mx\/?p=16818"},"modified":"2020-08-26T15:49:53","modified_gmt":"2020-08-26T20:49:53","slug":"ante-incapacidad-de-la-fiscalia-de-oaxaca-congreso-estatal-pide-a-fgr-investigar-asesinato-de-dirigente-del-fpr","status":"publish","type":"post","link":"https:\/\/zonaroja.com.mx\/?p=16818","title":{"rendered":"Ante incapacidad de la Fiscal\u00eda de Oaxaca, Congreso estatal pide a FGR investigar asesinato de dirigente del FPR"},"content":{"rendered":"\n<p class=\"MsoNormal\">Yuridiana Sosa\/Zona Roja.<\/p>\n\n\n\n<p class=\"MsoNormal\">Oaxaca de Ju\u00e1rez, Oax., 26 de agosto de 2020.- La 64 Legislatura de Oaxaca aprob\u00f3 con 34 votos el exhorto a la Fiscal\u00eda General de la Rep\u00fablica (FGR) para que atraiga las investigaciones del asesinato del activista Tom\u00e1s Mart\u00ednez Pinacho, acribillado el pasado lunes tras la marcha del Frente Popular Revolucionario (FPR).<\/p>\n\n\n\n<p class=\"MsoNormal\">El presidente de la Junta de Coordinaci\u00f3n Pol\u00edtica, Horacio Sosa Villavicencio, present\u00f3 el punto de acuerdo ante el contexto de impunidad que se han registrado en decenas de cr\u00edmenes pol\u00edticos en Oaxaca por parte de la Fiscal\u00eda General del Estado, por lo que tambi\u00e9n demand\u00f3 que la FGR investigue los cr\u00edmenes contra los activistas del Partido Morena.<\/p>\n\n\n\n<p class=\"MsoNormal\">Luego de mostrar su solidaridad con la familia de la v\u00edctima, el diputado sentenci\u00f3: \u201cDesde aqu\u00ed (el Congreso de Oaxaca) les decimos que estaremos vigilante de que las autoridades cumplan con su obligaci\u00f3n de investigar de manera pronta, expedita y parcial este asesinato\u201d.<\/p>\n\n\n\n<figure class=\"wp-block-embed-twitter wp-block-embed is-type-rich is-provider-twitter\"><div class=\"wp-block-embed__wrapper\">\n<div class=\"twitter-tweet\"><blockquote class=\"twitter-tweet\" data-lang=\"es\"><p lang=\"es\" dir=\"ltr\"><a href=\"https:\/\/twitter.com\/hashtag\/%C3%9AltimoMinuto?src=hash&amp;ref_src=twsrc%5Etfw\">#\u00daltimoMinuto<\/a> <br>El presidente de la Junta de Coordinaci\u00f3n Pol\u00edtica del <a href=\"https:\/\/twitter.com\/CongresoOaxLXIV?ref_src=twsrc%5Etfw\">@CongresoOaxLXIV<\/a>, <a href=\"https:\/\/twitter.com\/HoracioSosaOax?ref_src=twsrc%5Etfw\">@HoracioSosaOax<\/a>, lament\u00f3 el asesinato del dirigente del FPR, Tom\u00e1s Mart\u00ednez; pidi\u00f3 a la <a href=\"https:\/\/twitter.com\/FGRMexico?ref_src=twsrc%5Etfw\">@FGRMexico<\/a> atraer el caso, ante la incapacidad de la <a href=\"https:\/\/twitter.com\/FISCALIA_GobOax?ref_src=twsrc%5Etfw\">@FISCALIA_GobOax<\/a> de solucionar este y otros casos. <a href=\"https:\/\/t.co\/uL4lDKgliA\">pic.twitter.com\/uL4lDKgliA<\/a><\/p>&mdash; Zona Roja Oaxaca (@MexRoja) <a href=\"https:\/\/twitter.com\/MexRoja\/status\/1298676985561067521?ref_src=twsrc%5Etfw\">26 de agosto de 2020<\/a><\/blockquote><\/div>\n<\/div><\/figure>\n\n\n\n<p class=\"MsoNormal\">Sosa Villavicencio se\u00f1al\u00f3 que la Fiscal\u00eda General de Oaxaca ha mostrado en distintas ocasiones incapacidad para investigar, resolver y emitir justicia.<\/p>\n\n\n\n<p class=\"MsoNormal\">El legislador indic\u00f3 que, tanto en los cr\u00edmenes contra los activistas, como en los que han sido v\u00edctimas integrantes de Morena, la impunidad est\u00e1 presente ante la resistencia o negativa de la Fiscal\u00eda que encabeza Rub\u00e9n Vasconcelos M\u00e9ndez.<\/p>\n\n\n\n<p class=\"MsoNormal\">Mart\u00ednez Pinacho fue acribillado la tarde del lunes luego de una movilizaci\u00f3n del Frente Popular Revolucionario en la capital para exigir al gobierno el cumplimiento de la entrega de recursos para diversos municipios. En los hechos result\u00f3 herida otra persona.<\/p>\n\n\n\n<p class=\"MsoNormal\">El dirigente social, militante de Morena, tambi\u00e9n era regidor de Desarrollo Rural de Miahuatl\u00e1n de Porfirio D\u00edaz, encabezado por Genaro Esau Hern\u00e1ndez Jim\u00e9nez, del PRI.<\/p>\n\n\n\n<p>La ma\u00f1ana de hoy fue trasladado el cuerpo a su natal Miahuatl\u00e1n, donde este d\u00eda realizan el homenaje y sepelio correspondiente.<\/p>\n","protected":false},"excerpt":{"rendered":"<p>Yuridiana Sosa\/Zona Roja. Oaxaca de Ju\u00e1rez, Oax., 26 de agosto de 2020.- La 64 Legislatura&hellip;<\/p>\n","protected":false},"author":2,"featured_media":16823,"comment_status":"closed","ping_status":"open","sticky":false,"template":"","format":"standard","meta":{"_lmt_disableupdate":"","_lmt_disable":"","_jetpack_memberships_contains_paid_content":false,"footnotes":""},"categories":[109,47],"tags":[444],"class_list":["post-16818","post","type-post","status-publish","format-standard","has-post-thumbnail","hentry","category-minuto-a-minuto","category-zona-gris","tag-horacio-sosa-villavicencio"],"jetpack_featured_media_url":"https:\/\/zonaroja.com.mx\/wp-content\/uploads\/2020\/08\/Solicita-Horacio-Sosa-FGR.jpeg","jetpack_sharing_enabled":true,"_links":{"self":[{"href":"https:\/\/zonaroja.com.mx\/index.php?rest_route=\/wp\/v2\/posts\/16818","targetHints":{"allow":["GET"]}}],"collection":[{"href":"https:\/\/zonaroja.com.mx\/index.php?rest_route=\/wp\/v2\/posts"}],"about":[{"href":"https:\/\/zonaroja.com.mx\/index.php?rest_route=\/wp\/v2\/types\/post"}],"author":[{"embeddable":true,"href":"https:\/\/zonaroja.com.mx\/index.php?rest_route=\/wp\/v2\/users\/2"}],"replies":[{"embeddable":true,"href":"https:\/\/zonaroja.com.mx\/index.php?rest_route=%2Fwp%2Fv2%2Fcomments&post=16818"}],"version-history":[{"count":2,"href":"https:\/\/zonaroja.com.mx\/index.php?rest_route=\/wp\/v2\/posts\/16818\/revisions"}],"predecessor-version":[{"id":16825,"href":"https:\/\/zonaroja.com.mx\/index.php?rest_route=\/wp\/v2\/posts\/16818\/revisions\/16825"}],"wp:featuredmedia":[{"embeddable":true,"href":"https:\/\/zonaroja.com.mx\/index.php?rest_route=\/wp\/v2\/media\/16823"}],"wp:attachment":[{"href":"https:\/\/zonaroja.com.mx\/index.php?rest_route=%2Fwp%2Fv2%2Fmedia&parent=16818"}],"wp:term":[{"taxonomy":"category","embeddable":true,"href":"https:\/\/zonaroja.com.mx\/index.php?rest_route=%2Fwp%2Fv2%2Fcategories&post=16818"},{"taxonomy":"post_tag","embeddable":true,"href":"https:\/\/zonaroja.com.mx\/index.php?rest_route=%2Fwp%2Fv2%2Ftags&post=16818"}],"curies":[{"name":"wp","href":"https:\/\/api.w.org\/{rel}","templated":true}]}}