{"id":16826,"date":"2020-08-26T16:28:03","date_gmt":"2020-08-26T21:28:03","guid":{"rendered":"http:\/\/www.zonaroja.com.mx\/?p=16826"},"modified":"2020-08-26T16:28:11","modified_gmt":"2020-08-26T21:28:11","slug":"en-dos-ataques-armados-ejecutan-a-tres-en-la-mixteca-y-lesionan-a-dos","status":"publish","type":"post","link":"https:\/\/zonaroja.com.mx\/?p=16826","title":{"rendered":"En dos ataques armados, ejecutan a tres en la Mixteca y lesionan a dos"},"content":{"rendered":"\n<p>Ismael Garc\u00eda M.\/Zona Roja.<\/p>\n\n\n\n<p>Oaxaca de Ju\u00e1rez, Oax., 26 de agosto de 2020.- Tres personas asesinadas a balazos y al menos dos lesionadas, entre ellas una mujer, es el saldo de dos ataques armados ocurridos este mi\u00e9rcoles en la regi\u00f3n Mixteca de Oaxaca.<\/p>\n\n\n\n<p>Al mediod\u00eda de hoy, los cuerpos de tres personas del sexo masculino fueron localizados sin vida, en jurisdicci\u00f3n de la agencia de Magdalena Tetaltepec, perteneciente al municipio de Huajuapan de Le\u00f3n.<\/p>\n\n\n\n<p>De acuerdo con fuentes de la Vicefiscal\u00eda Regional de la Mixteca, fueron identificadas de manera preliminar como M. G. B., de 45 a\u00f1os de edad, y U. T. B., de 25 a\u00f1os; la tercera persona a\u00fan se desconoce su identidad.<\/p>\n\n\n\n<p>El aviso a las autoridades ministeriales lo dio S\u00f3stenes Cort\u00e9s, agente municipal de Tetaltepec, quien adem\u00e1s inform\u00f3 que en el sitio se hallaron dos motocicletas.<\/p>\n\n\n\n<p>Personal de la Vicefiscal\u00eda Regional contin\u00faa con las indagatorias, con la finalidad de esclarecer el triple homicidio.<\/p>\n\n\n\n<p>OTRO ATAQUE<\/p>\n\n\n\n<p>Por otra parte, anoche sucedi\u00f3 otro ataque armado, en contra de ocupantes de un taxi del sitio \u201cHeroica Huajuapan\u201d, del municipio del mismo nombre.<\/p>\n\n\n\n<p>La unidad de motor con n\u00famero econ\u00f3mico S-177 transitaba por la calle 20 de Noviembre de la colonia del Maestro cuando fue atacada por dos sicarios a bordo de una motocicleta.<\/p>\n\n\n\n<p>En el sitio qued\u00f3 herido el taxista, de nombre Alberto, de aproximadamente 40 a\u00f1os de edad, as\u00ed como la mujer que iba de pasajera, Yesenia, quienes fueron trasladados a un hospital.<\/p>\n\n\n\n<p>Pese a los operativos de b\u00fasqueda, a\u00fan no se ha logrado dar con el paradero de los responsables del ataque armado.<\/p>\n","protected":false},"excerpt":{"rendered":"<p>Ismael Garc\u00eda M.\/Zona Roja. Oaxaca de Ju\u00e1rez, Oax., 26 de agosto de 2020.- Tres personas&hellip;<\/p>\n","protected":false},"author":2,"featured_media":16827,"comment_status":"closed","ping_status":"open","sticky":false,"template":"","format":"standard","meta":{"_lmt_disableupdate":"","_lmt_disable":"","_jetpack_memberships_contains_paid_content":false,"footnotes":""},"categories":[109,51],"tags":[594],"class_list":["post-16826","post","type-post","status-publish","format-standard","has-post-thumbnail","hentry","category-minuto-a-minuto","category-zona-roja","tag-huajuapan-de-leon"],"jetpack_featured_media_url":"https:\/\/zonaroja.com.mx\/wp-content\/uploads\/2020\/08\/Ejecutados-Huajuapan-de-Leon.jpg","jetpack_sharing_enabled":true,"_links":{"self":[{"href":"https:\/\/zonaroja.com.mx\/index.php?rest_route=\/wp\/v2\/posts\/16826","targetHints":{"allow":["GET"]}}],"collection":[{"href":"https:\/\/zonaroja.com.mx\/index.php?rest_route=\/wp\/v2\/posts"}],"about":[{"href":"https:\/\/zonaroja.com.mx\/index.php?rest_route=\/wp\/v2\/types\/post"}],"author":[{"embeddable":true,"href":"https:\/\/zonaroja.com.mx\/index.php?rest_route=\/wp\/v2\/users\/2"}],"replies":[{"embeddable":true,"href":"https:\/\/zonaroja.com.mx\/index.php?rest_route=%2Fwp%2Fv2%2Fcomments&post=16826"}],"version-history":[{"count":1,"href":"https:\/\/zonaroja.com.mx\/index.php?rest_route=\/wp\/v2\/posts\/16826\/revisions"}],"predecessor-version":[{"id":16828,"href":"https:\/\/zonaroja.com.mx\/index.php?rest_route=\/wp\/v2\/posts\/16826\/revisions\/16828"}],"wp:featuredmedia":[{"embeddable":true,"href":"https:\/\/zonaroja.com.mx\/index.php?rest_route=\/wp\/v2\/media\/16827"}],"wp:attachment":[{"href":"https:\/\/zonaroja.com.mx\/index.php?rest_route=%2Fwp%2Fv2%2Fmedia&parent=16826"}],"wp:term":[{"taxonomy":"category","embeddable":true,"href":"https:\/\/zonaroja.com.mx\/index.php?rest_route=%2Fwp%2Fv2%2Fcategories&post=16826"},{"taxonomy":"post_tag","embeddable":true,"href":"https:\/\/zonaroja.com.mx\/index.php?rest_route=%2Fwp%2Fv2%2Ftags&post=16826"}],"curies":[{"name":"wp","href":"https:\/\/api.w.org\/{rel}","templated":true}]}}